{"id":60543,"date":"2020-04-23T14:16:50","date_gmt":"2020-04-23T17:16:50","guid":{"rendered":"https:\/\/www.actualidadadiario.com\/?p=60543"},"modified":"2020-04-23T14:16:50","modified_gmt":"2020-04-23T17:16:50","slug":"el-gobierno-asesorara-a-provincias-para-renegociar-sus-deudas-en-dolares","status":"publish","type":"post","link":"https:\/\/www.actualidadadiario.com\/index.php\/2020\/04\/23\/el-gobierno-asesorara-a-provincias-para-renegociar-sus-deudas-en-dolares\/","title":{"rendered":"El Gobierno asesorar\u00e1 a provincias para renegociar sus deudas en d\u00f3lares"},"content":{"rendered":"<p style=\"text-align: center;\"><em><strong>La nueva unidad asesorar\u00e1 a las provincias en las reestructuraciones de sus deudas y las estrategias a seguir frente a los tenedores de t\u00edtulos emitidos bajo legislaci\u00f3n extranjera<\/strong><\/em><\/p>\n<p>&nbsp;<\/p>\n<p>&nbsp;<\/p>\n<p>El Gobierno cre\u00f3 una unidad especial para organizar la renegociaci\u00f3n de deudas en d\u00f3lares de las provincias, con el fin de asesorar en los procesos de canjes de t\u00edtulos con los acreedores.<\/p>\n<p>El ministro de Econom\u00eda, Mart\u00edn Guzm\u00e1n, mantendr\u00e1 este jueves una videoconferencia con los ministros de Hacienda y Econom\u00eda de las provincias para poner en marcha el nuevo organismo.<\/p>\n<p>A cargo de la unidad estar\u00e1 Rafael Brigo, ex director de la Comisi\u00f3n Nacional de Valores, quien junto al ministro mantendr\u00e1 la primera reuni\u00f3n del Consejo Federal de Responsabilidad Fiscal (CFRF) del a\u00f1o para analizar la iniciativa del gobierno.<\/p>\n<p>El ministro informar\u00e1 a sus pares provinciales sobre el proceso de reestructuraci\u00f3n de la deuda emitida en d\u00f3lares del gobierno central y los planes y objetivos del nuevo organismo que se denominar\u00e1 Unidad de Apoyo de la Sostenibilidad de la Deuda P\u00fablica Provincial, que depender\u00e1 del ministerio de Econom\u00eda.<\/p>\n","protected":false},"excerpt":{"rendered":"<p>La nueva unidad asesorar\u00e1 a las provincias en las reestructuraciones de sus deudas y las estrategias a seguir frente a los tenedores de t\u00edtulos emitidos bajo legislaci\u00f3n extranjera &nbsp; &nbsp; El Gobierno cre\u00f3 una unidad especial para organizar la renegociaci\u00f3n de deudas en d\u00f3lares de las provincias, con el fin de asesorar en los procesos de canjes de t\u00edtulos con los acreedores. El ministro de Econom\u00eda, Mart\u00edn Guzm\u00e1n, mantendr\u00e1 este jueves una videoconferencia con los ministros de Hacienda y Econom\u00eda de las provincias para poner en marcha el nuevo organismo&#8230;.<\/p>\n","protected":false},"author":3,"featured_media":59011,"comment_status":"closed","ping_status":"closed","sticky":false,"template":"","format":"standard","meta":[],"categories":[2],"tags":[],"_links":{"self":[{"href":"https:\/\/www.actualidadadiario.com\/index.php\/wp-json\/wp\/v2\/posts\/60543"}],"collection":[{"href":"https:\/\/www.actualidadadiario.com\/index.php\/wp-json\/wp\/v2\/posts"}],"about":[{"href":"https:\/\/www.actualidadadiario.com\/index.php\/wp-json\/wp\/v2\/types\/post"}],"author":[{"embeddable":true,"href":"https:\/\/www.actualidadadiario.com\/index.php\/wp-json\/wp\/v2\/users\/3"}],"replies":[{"embeddable":true,"href":"https:\/\/www.actualidadadiario.com\/index.php\/wp-json\/wp\/v2\/comments?post=60543"}],"version-history":[{"count":1,"href":"https:\/\/www.actualidadadiario.com\/index.php\/wp-json\/wp\/v2\/posts\/60543\/revisions"}],"predecessor-version":[{"id":60544,"href":"https:\/\/www.actualidadadiario.com\/index.php\/wp-json\/wp\/v2\/posts\/60543\/revisions\/60544"}],"wp:featuredmedia":[{"embeddable":true,"href":"https:\/\/www.actualidadadiario.com\/index.php\/wp-json\/wp\/v2\/media\/59011"}],"wp:attachment":[{"href":"https:\/\/www.actualidadadiario.com\/index.php\/wp-json\/wp\/v2\/media?parent=60543"}],"wp:term":[{"taxonomy":"category","embeddable":true,"href":"https:\/\/www.actualidadadiario.com\/index.php\/wp-json\/wp\/v2\/categories?post=60543"},{"taxonomy":"post_tag","embeddable":true,"href":"https:\/\/www.actualidadadiario.com\/index.php\/wp-json\/wp\/v2\/tags?post=60543"}],"curies":[{"name":"wp","href":"https:\/\/api.w.org\/{rel}","templated":true}]}}