{"id":60534,"date":"2020-04-23T14:14:57","date_gmt":"2020-04-23T17:14:57","guid":{"rendered":"https:\/\/www.actualidadadiario.com\/?p=60534"},"modified":"2020-04-23T14:14:57","modified_gmt":"2020-04-23T17:14:57","slug":"crearon-un-banco-de-proyectos-de-la-economia-social","status":"publish","type":"post","link":"https:\/\/www.actualidadadiario.com\/index.php\/2020\/04\/23\/crearon-un-banco-de-proyectos-de-la-economia-social\/","title":{"rendered":"Crearon un banco de proyectos de la econom\u00eda social"},"content":{"rendered":"<p style=\"text-align: center;\"><em><strong>En medio de la pandemia por coronavirus, crearon un banco de proyectos de la econom\u00eda social. El mismo funcionar\u00e1 en el \u00e1mbito de la Direcci\u00f3n de Fomento y Evaluaci\u00f3n de Proyectos Cooperativos y Mutuales. All\u00ed, se registrar\u00e1n las iniciativas referidos a este tema que se soliciten. La medida fue publicada este jueves en el Bolet\u00edn Oficial, mediante la resoluci\u00f3n 5\/2020<\/strong><\/em><\/p>\n<p>&nbsp;<\/p>\n<p>As\u00ed, el banco de proyectos se administrar\u00e1 a trav\u00e9s de una plataforma digital. Ser\u00e1 desarrollada por la Coordinaci\u00f3n de Servicios Digitales e Inform\u00e1ticos de la Direcci\u00f3n General de Administraci\u00f3n y Asuntos Jur\u00eddicos. Y la Direcci\u00f3n de Fomento y Evaluaci\u00f3n de Proyectos Cooperativos y Mutuales de la Direcci\u00f3n Nacional de Desarrollo y Promoci\u00f3n Cooperativo y Mutual.<\/p>\n<p>El Instituto Nacional de Asociativismo y Econom\u00eda Social tiene como fin principal concurrir a la promoci\u00f3n y desarrollo de cooperativas y mutuales. Seg\u00fan explica el texto oficial, las asiste y asesora t\u00e9cnicamente y las apoya econ\u00f3mica y financieramente. As\u00ed, gestiona adem\u00e1s ante los organismos p\u00fablicos de cualquier jurisdicci\u00f3n y ante entidades privadas la adopci\u00f3n de medidas. Y la formulaci\u00f3n de planes y programas seg\u00fan la normativa vigente.<\/p>\n<p>\u201cEsta administraci\u00f3n, se ha fijado, entre sus objetivos, el generar una fuerte vinculaci\u00f3n asociativa entre los distintos actores de la econom\u00eda social. Que favorezca y fortalezca el desarrollo local y promueva la cooperaci\u00f3n. Y la ayuda mutua como herramientas para alcanzar el bien com\u00fan con sustentabilidad econ\u00f3mica, social, humana y ambiental\u201d, remarcan.<\/p>\n<p>\u201cEn consecuencia y en cumplimiento de las misiones y funciones mencionadas precedentemente. Se advierte como conveniente el generar, desde este Organismo, un banco de proyectos que ampl\u00ede las posibilidades de recibir asistencia financiera y posibilite su adecuada canalizaci\u00f3n\u201d. As\u00ed explican desde el sector, el proyecto que permitir\u00e1 llevar adelante iniciativas relacionadas a la econom\u00eda social.<\/p>\n","protected":false},"excerpt":{"rendered":"<p>En medio de la pandemia por coronavirus, crearon un banco de proyectos de la econom\u00eda social. El mismo funcionar\u00e1 en el \u00e1mbito de la Direcci\u00f3n de Fomento y Evaluaci\u00f3n de Proyectos Cooperativos y Mutuales. All\u00ed, se registrar\u00e1n las iniciativas referidos a este tema que se soliciten. La medida fue publicada este jueves en el Bolet\u00edn Oficial, mediante la resoluci\u00f3n 5\/2020 &nbsp; As\u00ed, el banco de proyectos se administrar\u00e1 a trav\u00e9s de una plataforma digital. Ser\u00e1 desarrollada por la Coordinaci\u00f3n de Servicios Digitales e Inform\u00e1ticos de la Direcci\u00f3n General de Administraci\u00f3n&#8230;<\/p>\n","protected":false},"author":3,"featured_media":60535,"comment_status":"closed","ping_status":"closed","sticky":false,"template":"","format":"standard","meta":[],"categories":[2],"tags":[],"_links":{"self":[{"href":"https:\/\/www.actualidadadiario.com\/index.php\/wp-json\/wp\/v2\/posts\/60534"}],"collection":[{"href":"https:\/\/www.actualidadadiario.com\/index.php\/wp-json\/wp\/v2\/posts"}],"about":[{"href":"https:\/\/www.actualidadadiario.com\/index.php\/wp-json\/wp\/v2\/types\/post"}],"author":[{"embeddable":true,"href":"https:\/\/www.actualidadadiario.com\/index.php\/wp-json\/wp\/v2\/users\/3"}],"replies":[{"embeddable":true,"href":"https:\/\/www.actualidadadiario.com\/index.php\/wp-json\/wp\/v2\/comments?post=60534"}],"version-history":[{"count":1,"href":"https:\/\/www.actualidadadiario.com\/index.php\/wp-json\/wp\/v2\/posts\/60534\/revisions"}],"predecessor-version":[{"id":60536,"href":"https:\/\/www.actualidadadiario.com\/index.php\/wp-json\/wp\/v2\/posts\/60534\/revisions\/60536"}],"wp:featuredmedia":[{"embeddable":true,"href":"https:\/\/www.actualidadadiario.com\/index.php\/wp-json\/wp\/v2\/media\/60535"}],"wp:attachment":[{"href":"https:\/\/www.actualidadadiario.com\/index.php\/wp-json\/wp\/v2\/media?parent=60534"}],"wp:term":[{"taxonomy":"category","embeddable":true,"href":"https:\/\/www.actualidadadiario.com\/index.php\/wp-json\/wp\/v2\/categories?post=60534"},{"taxonomy":"post_tag","embeddable":true,"href":"https:\/\/www.actualidadadiario.com\/index.php\/wp-json\/wp\/v2\/tags?post=60534"}],"curies":[{"name":"wp","href":"https:\/\/api.w.org\/{rel}","templated":true}]}}