{"id":60532,"date":"2020-04-23T14:14:21","date_gmt":"2020-04-23T17:14:21","guid":{"rendered":"https:\/\/www.actualidadadiario.com\/?p=60532"},"modified":"2020-04-23T14:14:21","modified_gmt":"2020-04-23T17:14:21","slug":"por-coronavirus-abril-duplicara-despidos-y-suspensiones-de-marzo","status":"publish","type":"post","link":"https:\/\/www.actualidadadiario.com\/index.php\/2020\/04\/23\/por-coronavirus-abril-duplicara-despidos-y-suspensiones-de-marzo\/","title":{"rendered":"Por coronavirus, abril duplicar\u00e1 despidos y suspensiones de marzo"},"content":{"rendered":"<p style=\"text-align: center;\"><em><strong>El impacto recesivo en materia laboral acelera su inestabilidad y los servicios son los m\u00e1s afectados por el cese de actividades<\/strong><\/em><\/p>\n<p>&nbsp;<\/p>\n<p>&nbsp;<\/p>\n<p>El congelamiento de la econom\u00eda por las medidas sanitarias preventivas ya prev\u00e9 saldos negativos en materia laboral, y los despidos y suspensiones de la primera quincena de abril casi duplican los registrados en marzo. El sector servicios concentra el 58% de la plaza laboral afectada.<\/p>\n<p>El Centro de Econom\u00eda Pol\u00edtica Argentina (CEPA) se\u00f1al\u00f3 en su estudio que, &#8220;al comparar de forma intermensual, se observa que los despidos y suspensiones se incrementaron en abril, casi duplicando los casos de marzo, acompa\u00f1ados por un proceso similar en la cantidad de trabajadores afectados&#8221;.<\/p>\n<p>En materia de inestabilidad salarial se identific\u00f3 un salto en la primera quincena de abril, de 9 a 81 casos, en tanto que se computan 3.070 atrasos de pago, 54.030 reducciones salariales de hecho, 8.480 casos de suspensiones con disminuci\u00f3n salarial, y 231.483 reducciones salariales acordadas con el gremio, entre las que se destac\u00f3 el sector de metal\u00fargicos, con una quita del 30% para el mantenimiento de la fuerza laboral.<\/p>\n<p>El informe adem\u00e1s precis\u00f3 que, si se analizan despidos y suspensiones del \u00e1mbito privado, se observa una &#8220;amplia mayor\u00eda (58%) correspondientes al sector servicios, seguido por construcci\u00f3n (19%), industria (14%), comercio (5%) y sector primario (4%)&#8221;.<\/p>\n<p>En tanto, al impacto por sector de actividad, se destac\u00f3 que el sector comercial &#8220;no se percibi\u00f3 un incremento sensible de despidos, y prevalecen los casos de reducciones salariales&#8221;.<\/p>\n","protected":false},"excerpt":{"rendered":"<p>El impacto recesivo en materia laboral acelera su inestabilidad y los servicios son los m\u00e1s afectados por el cese de actividades &nbsp; &nbsp; El congelamiento de la econom\u00eda por las medidas sanitarias preventivas ya prev\u00e9 saldos negativos en materia laboral, y los despidos y suspensiones de la primera quincena de abril casi duplican los registrados en marzo. El sector servicios concentra el 58% de la plaza laboral afectada. El Centro de Econom\u00eda Pol\u00edtica Argentina (CEPA) se\u00f1al\u00f3 en su estudio que, &#8220;al comparar de forma intermensual, se observa que los despidos&#8230;<\/p>\n","protected":false},"author":3,"featured_media":46948,"comment_status":"closed","ping_status":"closed","sticky":false,"template":"","format":"standard","meta":[],"categories":[2],"tags":[],"_links":{"self":[{"href":"https:\/\/www.actualidadadiario.com\/index.php\/wp-json\/wp\/v2\/posts\/60532"}],"collection":[{"href":"https:\/\/www.actualidadadiario.com\/index.php\/wp-json\/wp\/v2\/posts"}],"about":[{"href":"https:\/\/www.actualidadadiario.com\/index.php\/wp-json\/wp\/v2\/types\/post"}],"author":[{"embeddable":true,"href":"https:\/\/www.actualidadadiario.com\/index.php\/wp-json\/wp\/v2\/users\/3"}],"replies":[{"embeddable":true,"href":"https:\/\/www.actualidadadiario.com\/index.php\/wp-json\/wp\/v2\/comments?post=60532"}],"version-history":[{"count":1,"href":"https:\/\/www.actualidadadiario.com\/index.php\/wp-json\/wp\/v2\/posts\/60532\/revisions"}],"predecessor-version":[{"id":60533,"href":"https:\/\/www.actualidadadiario.com\/index.php\/wp-json\/wp\/v2\/posts\/60532\/revisions\/60533"}],"wp:featuredmedia":[{"embeddable":true,"href":"https:\/\/www.actualidadadiario.com\/index.php\/wp-json\/wp\/v2\/media\/46948"}],"wp:attachment":[{"href":"https:\/\/www.actualidadadiario.com\/index.php\/wp-json\/wp\/v2\/media?parent=60532"}],"wp:term":[{"taxonomy":"category","embeddable":true,"href":"https:\/\/www.actualidadadiario.com\/index.php\/wp-json\/wp\/v2\/categories?post=60532"},{"taxonomy":"post_tag","embeddable":true,"href":"https:\/\/www.actualidadadiario.com\/index.php\/wp-json\/wp\/v2\/tags?post=60532"}],"curies":[{"name":"wp","href":"https:\/\/api.w.org\/{rel}","templated":true}]}}