{"id":60518,"date":"2020-04-23T14:10:24","date_gmt":"2020-04-23T17:10:24","guid":{"rendered":"https:\/\/www.actualidadadiario.com\/?p=60518"},"modified":"2020-04-23T14:10:24","modified_gmt":"2020-04-23T17:10:24","slug":"el-registro-de-aspirantes-a-guarda-suspendio-la-inscripcion-de-mayo","status":"publish","type":"post","link":"https:\/\/www.actualidadadiario.com\/index.php\/2020\/04\/23\/el-registro-de-aspirantes-a-guarda-suspendio-la-inscripcion-de-mayo\/","title":{"rendered":"El Registro de Aspirantes a Guarda suspendi\u00f3 la inscripci\u00f3n de mayo"},"content":{"rendered":"<p style=\"text-align: center;\"><em><strong>La Defensor\u00eda General de Entre R\u00edos (DGER) suspendi\u00f3 la convocatoria del mes de mayo para recibir solicitudes de inscripci\u00f3n en el Registro \u00danico de Aspirantes a Guarda con Fines Adoptivos (RUA) \u00b7 La medida fue dispuesta a trav\u00e9s de la Resoluci\u00f3n N\u00b0 25 RUA-DGER, en virtud de la emergencia sanitaria generada por la pandemia de covid-19<\/strong><\/em><\/p>\n<p>&nbsp;<\/p>\n<p>&nbsp;<\/p>\n<p>A ra\u00edz del aislamiento social, preventivo y obligatorio dispuesto por el Poder Ejecutivo nacional se instruy\u00f3 al personal administrativo y t\u00e9cnico la selecci\u00f3n de material de lectura o en formato audiovisual relativo a la adopci\u00f3n.<\/p>\n<p>Dirigido a personas interesadas en presentarse en una futura inscripci\u00f3n, su difusi\u00f3n ser\u00e1 a trav\u00e9s de la p\u00e1gina web del Ministerio P\u00fablico de la Defensa (mpd.jusentrerios.gov.ar) y de las redes sociales del RUA.<\/p>\n<p>Adem\u00e1s el RUA record\u00f3 que dispone de una cuenta de correo electr\u00f3nico para la realizaci\u00f3n de consultas: ruaer@jusentrerios.gov.ar. Y de lunes a viernes, de 7 a 13, a trav\u00e9s de la l\u00ednea 343 5329475 tambi\u00e9n recibe llamados o mensajes v\u00eda Whatsapp.<\/p>\n","protected":false},"excerpt":{"rendered":"<p>La Defensor\u00eda General de Entre R\u00edos (DGER) suspendi\u00f3 la convocatoria del mes de mayo para recibir solicitudes de inscripci\u00f3n en el Registro \u00danico de Aspirantes a Guarda con Fines Adoptivos (RUA) \u00b7 La medida fue dispuesta a trav\u00e9s de la Resoluci\u00f3n N\u00b0 25 RUA-DGER, en virtud de la emergencia sanitaria generada por la pandemia de covid-19 &nbsp; &nbsp; A ra\u00edz del aislamiento social, preventivo y obligatorio dispuesto por el Poder Ejecutivo nacional se instruy\u00f3 al personal administrativo y t\u00e9cnico la selecci\u00f3n de material de lectura o en formato audiovisual relativo&#8230;<\/p>\n","protected":false},"author":3,"featured_media":60519,"comment_status":"closed","ping_status":"closed","sticky":false,"template":"","format":"standard","meta":[],"categories":[15],"tags":[],"_links":{"self":[{"href":"https:\/\/www.actualidadadiario.com\/index.php\/wp-json\/wp\/v2\/posts\/60518"}],"collection":[{"href":"https:\/\/www.actualidadadiario.com\/index.php\/wp-json\/wp\/v2\/posts"}],"about":[{"href":"https:\/\/www.actualidadadiario.com\/index.php\/wp-json\/wp\/v2\/types\/post"}],"author":[{"embeddable":true,"href":"https:\/\/www.actualidadadiario.com\/index.php\/wp-json\/wp\/v2\/users\/3"}],"replies":[{"embeddable":true,"href":"https:\/\/www.actualidadadiario.com\/index.php\/wp-json\/wp\/v2\/comments?post=60518"}],"version-history":[{"count":1,"href":"https:\/\/www.actualidadadiario.com\/index.php\/wp-json\/wp\/v2\/posts\/60518\/revisions"}],"predecessor-version":[{"id":60520,"href":"https:\/\/www.actualidadadiario.com\/index.php\/wp-json\/wp\/v2\/posts\/60518\/revisions\/60520"}],"wp:featuredmedia":[{"embeddable":true,"href":"https:\/\/www.actualidadadiario.com\/index.php\/wp-json\/wp\/v2\/media\/60519"}],"wp:attachment":[{"href":"https:\/\/www.actualidadadiario.com\/index.php\/wp-json\/wp\/v2\/media?parent=60518"}],"wp:term":[{"taxonomy":"category","embeddable":true,"href":"https:\/\/www.actualidadadiario.com\/index.php\/wp-json\/wp\/v2\/categories?post=60518"},{"taxonomy":"post_tag","embeddable":true,"href":"https:\/\/www.actualidadadiario.com\/index.php\/wp-json\/wp\/v2\/tags?post=60518"}],"curies":[{"name":"wp","href":"https:\/\/api.w.org\/{rel}","templated":true}]}}