{"id":60516,"date":"2020-04-23T14:09:47","date_gmt":"2020-04-23T17:09:47","guid":{"rendered":"https:\/\/www.actualidadadiario.com\/?p=60516"},"modified":"2020-04-23T14:09:47","modified_gmt":"2020-04-23T17:09:47","slug":"se-completa-el-viernes-el-cronograma-de-pagos-en-la-provincia","status":"publish","type":"post","link":"https:\/\/www.actualidadadiario.com\/index.php\/2020\/04\/23\/se-completa-el-viernes-el-cronograma-de-pagos-en-la-provincia\/","title":{"rendered":"Se completa el viernes el cronograma de pagos en la provincia"},"content":{"rendered":"<p style=\"text-align: center;\"><em><strong>Este viernes cobrar\u00e1n lo que resta de sus haberes aquellos activos y pasivos que cobran m\u00e1s de 155.000 pesos<\/strong><\/em><\/p>\n<p>&nbsp;<\/p>\n<p>&nbsp;<\/p>\n<p>Estos agentes hab\u00edan llegado a ese monto el martes, de modo que este viernes percibir\u00e1n el saldo que les corresponda hasta llegar a completar sus sueldos de marzo.<\/p>\n<p>Se trata de 883 activos y de 1.347 pasivos.<\/p>\n","protected":false},"excerpt":{"rendered":"<p>Este viernes cobrar\u00e1n lo que resta de sus haberes aquellos activos y pasivos que cobran m\u00e1s de 155.000 pesos &nbsp; &nbsp; Estos agentes hab\u00edan llegado a ese monto el martes, de modo que este viernes percibir\u00e1n el saldo que les corresponda hasta llegar a completar sus sueldos de marzo. Se trata de 883 activos y de 1.347 pasivos.<\/p>\n","protected":false},"author":3,"featured_media":19484,"comment_status":"closed","ping_status":"closed","sticky":false,"template":"","format":"standard","meta":[],"categories":[15],"tags":[],"_links":{"self":[{"href":"https:\/\/www.actualidadadiario.com\/index.php\/wp-json\/wp\/v2\/posts\/60516"}],"collection":[{"href":"https:\/\/www.actualidadadiario.com\/index.php\/wp-json\/wp\/v2\/posts"}],"about":[{"href":"https:\/\/www.actualidadadiario.com\/index.php\/wp-json\/wp\/v2\/types\/post"}],"author":[{"embeddable":true,"href":"https:\/\/www.actualidadadiario.com\/index.php\/wp-json\/wp\/v2\/users\/3"}],"replies":[{"embeddable":true,"href":"https:\/\/www.actualidadadiario.com\/index.php\/wp-json\/wp\/v2\/comments?post=60516"}],"version-history":[{"count":1,"href":"https:\/\/www.actualidadadiario.com\/index.php\/wp-json\/wp\/v2\/posts\/60516\/revisions"}],"predecessor-version":[{"id":60517,"href":"https:\/\/www.actualidadadiario.com\/index.php\/wp-json\/wp\/v2\/posts\/60516\/revisions\/60517"}],"wp:featuredmedia":[{"embeddable":true,"href":"https:\/\/www.actualidadadiario.com\/index.php\/wp-json\/wp\/v2\/media\/19484"}],"wp:attachment":[{"href":"https:\/\/www.actualidadadiario.com\/index.php\/wp-json\/wp\/v2\/media?parent=60516"}],"wp:term":[{"taxonomy":"category","embeddable":true,"href":"https:\/\/www.actualidadadiario.com\/index.php\/wp-json\/wp\/v2\/categories?post=60516"},{"taxonomy":"post_tag","embeddable":true,"href":"https:\/\/www.actualidadadiario.com\/index.php\/wp-json\/wp\/v2\/tags?post=60516"}],"curies":[{"name":"wp","href":"https:\/\/api.w.org\/{rel}","templated":true}]}}