{"id":60513,"date":"2020-04-23T14:09:03","date_gmt":"2020-04-23T17:09:03","guid":{"rendered":"https:\/\/www.actualidadadiario.com\/?p=60513"},"modified":"2020-04-23T14:09:03","modified_gmt":"2020-04-23T17:09:03","slug":"salud-y-desarrollo-social-trabajan-en-torno-a-los-servicios-complementarios-en-la-atencion-del-coronavirus","status":"publish","type":"post","link":"https:\/\/www.actualidadadiario.com\/index.php\/2020\/04\/23\/salud-y-desarrollo-social-trabajan-en-torno-a-los-servicios-complementarios-en-la-atencion-del-coronavirus\/","title":{"rendered":"Salud y Desarrollo Social trabajan en torno a los servicios complementarios en la atenci\u00f3n del coronavirus"},"content":{"rendered":"<p style=\"text-align: center;\"><em><strong>El esquema de trabajo que se implementa en la provincia para atender las situaciones vinculadas con el Covid-19 y la organizaci\u00f3n de las Unidades de Cuidados M\u00ednimos de Aislamiento fueron los temas tratados por la ministra de Desarrollo Social, Marisa Paira, con autoridades del COES<\/strong><\/em><\/p>\n<p>&nbsp;<\/p>\n<p>&nbsp;<\/p>\n<p>La reuni\u00f3n de Paira con las autoridades del Comit\u00e9 de Organizaci\u00f3n de Emergencias de Salud (COES) fue este martes. \u201cEstos encuentros son importantes para profundizar la estrategia de trabajo que venimos articulando con el Ministerio de Salud, a fin de poder realizar un abordaje territorial con los municipios en torno a las diferentes demandas y fortalecer cada vez m\u00e1s la presencia del Estado\u201d, explic\u00f3 Paira.<\/p>\n<p>\u201cConsiderando lo din\u00e1mico del momento que atravesamos, estas reuniones nos permiten actualizar, bajo la rector\u00eda del COES, las acciones con las diversas \u00e1reas de cada comunidad, privilegiando una estrategia local\u201d, agreg\u00f3 Paira.<\/p>\n<p>Por su parte el secretario de Pol\u00edticas de Salud y Bienestar, Guillermo Zanuttini, inform\u00f3 que dialogaron tambi\u00e9n sobre las Unidades de Cuidados M\u00ednimos de Aislamiento para pacientes Covid-19 (UCMAC). \u201cEstamos articulando acciones necesarias para la organizaci\u00f3n de los servicios de salud complementarios, es decir, como auxiliares del sistema de salud\u201d, indic\u00f3.<\/p>\n<p>En ese orden, el funcionario precis\u00f3: \u201cEn caso de ser necesarios para la atenci\u00f3n de la pandemia, necesitamos unidades alternativas a los servicios para alojar personas que presenten cuadros leves y necesiten aislamiento. Las mismas ser\u00e1n administradas con criterio sanitario\u201d.<\/p>\n<p>\u201cSobre estos espacios, hay varios componentes que necesitamos abordar de forma conjunta con otros ministerios y con los municipios, para que est\u00e9n garantizados los derechos b\u00e1sicos de las personas y las condiciones sanitarias para la atenci\u00f3n de este virus. Es por esto que tenemos este abordaje multifactorial para lograr el sostenimiento de cada uno de ellos\u201d, redonde\u00f3 Zanuttini.<\/p>\n<p>La ministra estuvo acompa\u00f1ada por el secretario de Gesti\u00f3n, Andr\u00e9s Dabin; y la subsecretaria de Pol\u00edticas Territoriales y Comunitarias, Rosa Silva. En tanto, por parte de la cartera de Salud, tambi\u00e9n participaron el coordinador del Programa Sumar, Santiago Arias; Dante Enriquez, miembro del \u00e1rea m\u00e9dica de dicho Programa; Roxana Robledo, integrante del \u00e1rea de Municipios; y la coordinadora del Departamento de Residencias M\u00e9dicas, Yanina de Torres.<\/p>\n","protected":false},"excerpt":{"rendered":"<p>El esquema de trabajo que se implementa en la provincia para atender las situaciones vinculadas con el Covid-19 y la organizaci\u00f3n de las Unidades de Cuidados M\u00ednimos de Aislamiento fueron los temas tratados por la ministra de Desarrollo Social, Marisa Paira, con autoridades del COES &nbsp; &nbsp; La reuni\u00f3n de Paira con las autoridades del Comit\u00e9 de Organizaci\u00f3n de Emergencias de Salud (COES) fue este martes. \u201cEstos encuentros son importantes para profundizar la estrategia de trabajo que venimos articulando con el Ministerio de Salud, a fin de poder realizar un&#8230;<\/p>\n","protected":false},"author":3,"featured_media":60514,"comment_status":"closed","ping_status":"closed","sticky":false,"template":"","format":"standard","meta":[],"categories":[15],"tags":[],"_links":{"self":[{"href":"https:\/\/www.actualidadadiario.com\/index.php\/wp-json\/wp\/v2\/posts\/60513"}],"collection":[{"href":"https:\/\/www.actualidadadiario.com\/index.php\/wp-json\/wp\/v2\/posts"}],"about":[{"href":"https:\/\/www.actualidadadiario.com\/index.php\/wp-json\/wp\/v2\/types\/post"}],"author":[{"embeddable":true,"href":"https:\/\/www.actualidadadiario.com\/index.php\/wp-json\/wp\/v2\/users\/3"}],"replies":[{"embeddable":true,"href":"https:\/\/www.actualidadadiario.com\/index.php\/wp-json\/wp\/v2\/comments?post=60513"}],"version-history":[{"count":1,"href":"https:\/\/www.actualidadadiario.com\/index.php\/wp-json\/wp\/v2\/posts\/60513\/revisions"}],"predecessor-version":[{"id":60515,"href":"https:\/\/www.actualidadadiario.com\/index.php\/wp-json\/wp\/v2\/posts\/60513\/revisions\/60515"}],"wp:featuredmedia":[{"embeddable":true,"href":"https:\/\/www.actualidadadiario.com\/index.php\/wp-json\/wp\/v2\/media\/60514"}],"wp:attachment":[{"href":"https:\/\/www.actualidadadiario.com\/index.php\/wp-json\/wp\/v2\/media?parent=60513"}],"wp:term":[{"taxonomy":"category","embeddable":true,"href":"https:\/\/www.actualidadadiario.com\/index.php\/wp-json\/wp\/v2\/categories?post=60513"},{"taxonomy":"post_tag","embeddable":true,"href":"https:\/\/www.actualidadadiario.com\/index.php\/wp-json\/wp\/v2\/tags?post=60513"}],"curies":[{"name":"wp","href":"https:\/\/api.w.org\/{rel}","templated":true}]}}