{"id":60509,"date":"2020-04-23T14:07:39","date_gmt":"2020-04-23T17:07:39","guid":{"rendered":"https:\/\/www.actualidadadiario.com\/?p=60509"},"modified":"2020-04-23T14:07:39","modified_gmt":"2020-04-23T17:07:39","slug":"una-semana-sin-casos-de-coronavirus-en-entre-rios","status":"publish","type":"post","link":"https:\/\/www.actualidadadiario.com\/index.php\/2020\/04\/23\/una-semana-sin-casos-de-coronavirus-en-entre-rios\/","title":{"rendered":"Una semana sin casos de coronavirus en Entre R\u00edos"},"content":{"rendered":"<p style=\"text-align: center;\"><em><strong>Entre R\u00edos cumpli\u00f3 este mi\u00e9rcoles una semana sin que se registren nuevos casos positivos de coronavirus<\/strong><\/em><\/p>\n<p>&nbsp;<\/p>\n<p>Los casos positivos, seg\u00fan el conteo del \u00c1rea de Vigilancia Epidemiol\u00f3gica del Ministerio de Salud, suman 22 en Entre R\u00edos. En tanto, hay solo 1 caso en estudio, y otros 441 casos han sido descartados.<\/p>\n<p>En cuanto a la evoluci\u00f3n de los pacientes, una persona contin\u00faa internada con asistencia respiratoria mec\u00e1nica y otros 13 pacientes ya fueron dados de alta.<\/p>\n<p>La \u00faltima variaci\u00f3n en la estad\u00edstica ocurri\u00f3 el mi\u00e9rcoles 13 del actual cuando la cifra pas\u00f3 de 21 a 22 casos positivos de coronavirus.<\/p>\n<p>Este mi\u00e9rcoles el secretario de Pol\u00edticas de Salud y Bienestar, Guillermo Zanuttini, dijo que la falta de nuevos casos \u00abnos ubica en un contexto favorable. Es decir, acompa\u00f1amos en este sentido a muchas provincias con la no transmisi\u00f3n viral comunitaria\u00bb.<\/p>\n<p>Destac\u00f3 que desde Epidemiolog\u00eda, en poco m\u00e1s de un mes, se han tomado 454 muestras, de las cuales 22 fueron positivas. \u201cDe esos pacientes la mayor\u00eda ya se encuentra con una excelente evoluci\u00f3n cl\u00ednica y est\u00e1n de retorno en sus casas, y solamente tenemos un paciente catalogado como grave, que est\u00e1 en una unidad de terapia intensiva en una cl\u00ednica privada de la provincia\u00bb, apunt\u00f3.<\/p>\n<p>Sobre la situaci\u00f3n epidemiol\u00f3gica, el funcionario la defini\u00f3 como \u00abtodav\u00eda favorable\u00bb y advirti\u00f3 que \u00abno implica por nuestra parte intentar alg\u00fan esbozo de bajar los brazos por lo que se est\u00e1 haciendo\u00bb. En ese sentido, insisti\u00f3 en que la situaci\u00f3n \u00abpermite profundizar procesos de organizaci\u00f3n en los servicios de salud y articulando en redes\u201d, y explic\u00f3 que en la construcci\u00f3n de las nuevas redes de atenci\u00f3n y asistenciales participan el subsector p\u00fablico, que encabeza el comando de los COES en las localidades m\u00e1s importantes de la provincia, y acompa\u00f1a al subsector privado de diferentes maneras, \u201cpero en todos ellos con espacios de construcci\u00f3n colectiva\u00bb, aclar\u00f3.<\/p>\n<p>Y agreg\u00f3: \u00abLa situaci\u00f3n epidemiol\u00f3gica es totalmente llevadera y favorable. Esto nos permite avanzar en procesos de organizaci\u00f3n sanitaria\u00bb.<\/p>\n<p>&nbsp;<\/p>\n","protected":false},"excerpt":{"rendered":"<p>Entre R\u00edos cumpli\u00f3 este mi\u00e9rcoles una semana sin que se registren nuevos casos positivos de coronavirus &nbsp; Los casos positivos, seg\u00fan el conteo del \u00c1rea de Vigilancia Epidemiol\u00f3gica del Ministerio de Salud, suman 22 en Entre R\u00edos. En tanto, hay solo 1 caso en estudio, y otros 441 casos han sido descartados. En cuanto a la evoluci\u00f3n de los pacientes, una persona contin\u00faa internada con asistencia respiratoria mec\u00e1nica y otros 13 pacientes ya fueron dados de alta. La \u00faltima variaci\u00f3n en la estad\u00edstica ocurri\u00f3 el mi\u00e9rcoles 13 del actual cuando&#8230;<\/p>\n","protected":false},"author":3,"featured_media":60036,"comment_status":"closed","ping_status":"closed","sticky":false,"template":"","format":"standard","meta":[],"categories":[9],"tags":[],"_links":{"self":[{"href":"https:\/\/www.actualidadadiario.com\/index.php\/wp-json\/wp\/v2\/posts\/60509"}],"collection":[{"href":"https:\/\/www.actualidadadiario.com\/index.php\/wp-json\/wp\/v2\/posts"}],"about":[{"href":"https:\/\/www.actualidadadiario.com\/index.php\/wp-json\/wp\/v2\/types\/post"}],"author":[{"embeddable":true,"href":"https:\/\/www.actualidadadiario.com\/index.php\/wp-json\/wp\/v2\/users\/3"}],"replies":[{"embeddable":true,"href":"https:\/\/www.actualidadadiario.com\/index.php\/wp-json\/wp\/v2\/comments?post=60509"}],"version-history":[{"count":1,"href":"https:\/\/www.actualidadadiario.com\/index.php\/wp-json\/wp\/v2\/posts\/60509\/revisions"}],"predecessor-version":[{"id":60510,"href":"https:\/\/www.actualidadadiario.com\/index.php\/wp-json\/wp\/v2\/posts\/60509\/revisions\/60510"}],"wp:featuredmedia":[{"embeddable":true,"href":"https:\/\/www.actualidadadiario.com\/index.php\/wp-json\/wp\/v2\/media\/60036"}],"wp:attachment":[{"href":"https:\/\/www.actualidadadiario.com\/index.php\/wp-json\/wp\/v2\/media?parent=60509"}],"wp:term":[{"taxonomy":"category","embeddable":true,"href":"https:\/\/www.actualidadadiario.com\/index.php\/wp-json\/wp\/v2\/categories?post=60509"},{"taxonomy":"post_tag","embeddable":true,"href":"https:\/\/www.actualidadadiario.com\/index.php\/wp-json\/wp\/v2\/tags?post=60509"}],"curies":[{"name":"wp","href":"https:\/\/api.w.org\/{rel}","templated":true}]}}