{"id":60500,"date":"2020-04-20T13:19:17","date_gmt":"2020-04-20T16:19:17","guid":{"rendered":"https:\/\/www.actualidadadiario.com\/?p=60500"},"modified":"2020-04-20T13:19:17","modified_gmt":"2020-04-20T16:19:17","slug":"a-los-73-anos-fallecio-el-multiple-artista-horacio-fontova","status":"publish","type":"post","link":"https:\/\/www.actualidadadiario.com\/index.php\/2020\/04\/20\/a-los-73-anos-fallecio-el-multiple-artista-horacio-fontova\/","title":{"rendered":"A los 73 a\u00f1os falleci\u00f3 el m\u00faltiple artista Horacio Fontova"},"content":{"rendered":"<p style=\"text-align: center;\"><em><strong>El Instituto Nacional de la M\u00fasica inform\u00f3 mediante Twitter que el multifac\u00e9tico artista falleci\u00f3 esta ma\u00f1ana luego de luchar durante a\u00f1os con una enfermedad<\/strong><\/em><\/p>\n<p>&nbsp;<\/p>\n<p>&nbsp;<\/p>\n<p>El artista Horacio Fontova, un creativo intenso y comprometido, falleci\u00f3 esta ma\u00f1ana a los 73 a\u00f1os tras \u201cpelear durante a\u00f1os con una enfermedad\u201d, seg\u00fan confirm\u00f3 esta ma\u00f1ana la cuenta de Twitter del Instituto Nacional de la M\u00fasica (INAMU).<\/p>\n<p>Horacio Fontova no se conform\u00f3 con un arte: fue cantante, m\u00fasico y compositor, hizo re\u00edr a una generaci\u00f3n en televisi\u00f3n junto a Jorge Ginzburg, y sus ilustraciones en la revista El Expreso Imaginario son recordadas por su vuelo. El Negro, como se lo conoc\u00eda, muri\u00f3 hoy lunes a la ma\u00f1ana en el Hospital Finochietto, donde estaba internado desde hac\u00eda tiempo.<\/p>\n<p>En la m\u00fasica, su momento de mayor exposici\u00f3n fue con Fontova y sus Sobrinos, en los &#8217;80, gracias a la canci\u00f3n &#8220;Me siento bien&#8221;. Sin embargo, su trayectoria hab\u00eda empezado antes, con bandas como Patada de Mosca y el D\u00fao Nagual, y antes del \u00e9xito hab\u00eda armado Fontova y La Foca y Fontova Tr\u00edo. Pas\u00f3 por per\u00edodos en los que investig\u00f3 el folklore argentino, aunque su mayor suceso lo consigui\u00f3 con los ritmos caribe\u00f1os, a los que les agregaba su humor.<\/p>\n<p>&#8220;Mi historia musical es medio complicada&#8221;, dijo en 2018: &#8220;Vengo de familia de m\u00fasicos cl\u00e1sicos. Mi viejo era cantante l\u00edrico y productor cinematogr\u00e1fico; mi vieja era una gran concertista de piano. Mi abuelo Le\u00f3n Fontova fue un gran violinista, creador de la Sociedad de M\u00fasica de C\u00e1mara de Buenos Aires. Yo deber\u00eda haber salido un m\u00fasico \u201cserio\u201d como ellos, aunque eran una manga de dementes. Pero al principio me result\u00f3 aburrida la cuesti\u00f3n del solfeo y la teor\u00eda, hasta que en mi adolescencia apareci\u00f3 en un cumplea\u00f1os una prima guitarrera y folklorista, y me regal\u00f3 una guitarra. Y empez\u00f3 a ense\u00f1arme a tocar cuecas, zambas, chacarera y bailecitos, entonces dije: \u2018\u00a1Esto es m\u00e1s f\u00e1cil y me gusta mucho!\u2019. Ah\u00ed comenz\u00f3 mi carrera folkl\u00f3rica. Y el tango apareci\u00f3 inevitablemente: nac\u00ed en pleno centro, en Plaza Lavalle, y me cri\u00e9 en la calle Corrientes. Soy m\u00e1s porte\u00f1o que el Obelisco, o sea que el tango lo vengo mamando de ah\u00ed. Y despu\u00e9s se fueron sumando m\u00fasicas a mi vida: el rock, la m\u00fasica latina y m\u00fasicas internacionales que me acompa\u00f1an desde ni\u00f1o. Con la excusa de amores y desventuras, me largo con todo en cualquier idioma&#8221;.<\/p>\n<p>Como actor, tuvo gran llegada y gan\u00f3 dos Mart\u00edn Fierro con el personaje de Sonia Braguetti en el programa Peor es nada, con Guinzburg. Sus antecedentes lo ubican en las obras Hair y Jesucristo Superstar y con hitos como reemplazar a Daniel Rabinovich en Les Luthiers durante una gira por Espa\u00f1a. En teatro hizo Porte\u00f1os, Orquesta de se\u00f1oritas, Malos h\u00e1bitos y La corte del fara\u00f3n. Tambi\u00e9n particip\u00f3 en pel\u00edculas como Aballay y Metegol, entre otras.<\/p>\n","protected":false},"excerpt":{"rendered":"<p>El Instituto Nacional de la M\u00fasica inform\u00f3 mediante Twitter que el multifac\u00e9tico artista falleci\u00f3 esta ma\u00f1ana luego de luchar durante a\u00f1os con una enfermedad &nbsp; &nbsp; El artista Horacio Fontova, un creativo intenso y comprometido, falleci\u00f3 esta ma\u00f1ana a los 73 a\u00f1os tras \u201cpelear durante a\u00f1os con una enfermedad\u201d, seg\u00fan confirm\u00f3 esta ma\u00f1ana la cuenta de Twitter del Instituto Nacional de la M\u00fasica (INAMU). Horacio Fontova no se conform\u00f3 con un arte: fue cantante, m\u00fasico y compositor, hizo re\u00edr a una generaci\u00f3n en televisi\u00f3n junto a Jorge Ginzburg, y sus&#8230;<\/p>\n","protected":false},"author":3,"featured_media":60501,"comment_status":"closed","ping_status":"closed","sticky":false,"template":"","format":"standard","meta":[],"categories":[4],"tags":[],"_links":{"self":[{"href":"https:\/\/www.actualidadadiario.com\/index.php\/wp-json\/wp\/v2\/posts\/60500"}],"collection":[{"href":"https:\/\/www.actualidadadiario.com\/index.php\/wp-json\/wp\/v2\/posts"}],"about":[{"href":"https:\/\/www.actualidadadiario.com\/index.php\/wp-json\/wp\/v2\/types\/post"}],"author":[{"embeddable":true,"href":"https:\/\/www.actualidadadiario.com\/index.php\/wp-json\/wp\/v2\/users\/3"}],"replies":[{"embeddable":true,"href":"https:\/\/www.actualidadadiario.com\/index.php\/wp-json\/wp\/v2\/comments?post=60500"}],"version-history":[{"count":1,"href":"https:\/\/www.actualidadadiario.com\/index.php\/wp-json\/wp\/v2\/posts\/60500\/revisions"}],"predecessor-version":[{"id":60502,"href":"https:\/\/www.actualidadadiario.com\/index.php\/wp-json\/wp\/v2\/posts\/60500\/revisions\/60502"}],"wp:featuredmedia":[{"embeddable":true,"href":"https:\/\/www.actualidadadiario.com\/index.php\/wp-json\/wp\/v2\/media\/60501"}],"wp:attachment":[{"href":"https:\/\/www.actualidadadiario.com\/index.php\/wp-json\/wp\/v2\/media?parent=60500"}],"wp:term":[{"taxonomy":"category","embeddable":true,"href":"https:\/\/www.actualidadadiario.com\/index.php\/wp-json\/wp\/v2\/categories?post=60500"},{"taxonomy":"post_tag","embeddable":true,"href":"https:\/\/www.actualidadadiario.com\/index.php\/wp-json\/wp\/v2\/tags?post=60500"}],"curies":[{"name":"wp","href":"https:\/\/api.w.org\/{rel}","templated":true}]}}