{"id":60497,"date":"2020-04-20T13:18:33","date_gmt":"2020-04-20T16:18:33","guid":{"rendered":"https:\/\/www.actualidadadiario.com\/?p=60497"},"modified":"2020-04-20T13:18:33","modified_gmt":"2020-04-20T16:18:33","slug":"tenso-enfrentamiento-entre-enfermeros-de-eeuu-y-los-manifestantes-que-se-oponen-a-la-cuarentena","status":"publish","type":"post","link":"https:\/\/www.actualidadadiario.com\/index.php\/2020\/04\/20\/tenso-enfrentamiento-entre-enfermeros-de-eeuu-y-los-manifestantes-que-se-oponen-a-la-cuarentena\/","title":{"rendered":"Tenso enfrentamiento entre enfermeros de EEUU y los manifestantes que se oponen a la cuarentena"},"content":{"rendered":"<p style=\"text-align: center;\"><em><strong>El personal sanitario se acerc\u00f3 a la protesta en Denver que exige la reanudaci\u00f3n de la actividad econ\u00f3mica. \u201cVayan a China si quieren comunismo\u201d, les gritaron<\/strong><\/em><\/p>\n<p>&nbsp;<\/p>\n<p>&nbsp;<\/p>\n<p>Las protestas contra las medidas de cuarentena y distanciamiento social contin\u00faan en Estados Unidos, donde sectores ligados a la ultraderecha reclaman que se retome la actividad econ\u00f3mica para evitar mayores perjuicios a los bolsillos de los ciudadanos en el marco de la pandemia global.<\/p>\n<p>\u201cEsta cura es peor que la COVID\u201d, rezaba un cartel que levantaba un manifestante en una protesta Denver (Colorado), eco de otras manifestaciones en d\u00edas recientes en varios estados del pa\u00eds contra una cuarentena considerada como excesiva.<\/p>\n<p>Profesionales de la salud se acercaron a la concentraci\u00f3n y realizaron una contraprotesta, par\u00e1ndose frente a los veh\u00edculos de la caravana cuando el sem\u00e1foro estaba en rojo.<\/p>\n<p>\u201cLa tierra de la libertad. Vete a China si quieres comunismo\u201d, reclam\u00f3 una manifestante a un enfermero, mientras los veh\u00edculos no dejaban de hacer sonar las bocinas, seg\u00fan mostraron los videos difundidos en redes sociales.<\/p>\n<p>Seg\u00fan explic\u00f3 en Twitter el periodista Chase Woodruff, los enfermeros, que evitaron dar sus nombres, se postraron frente a los veh\u00edculos como \u201cun recordatorio\u201d de los efectos de la pandemia en Estados Unidos, que es el pa\u00eds con m\u00e1s muertes a nivel mundial por la Covid-19.<\/p>\n<p>Trump ha alentado esas manifestaciones, llamando el viernes a \u201cliberar\u201d algunos estados dirigidos por gobernadores dem\u00f3cratas, y se\u00f1alando el s\u00e1bado que \u201calgunos gobernadores hab\u00edan ido demasiado lejos\u201d.<\/p>\n<p>Los comentarios del presidente fueron criticados por varios gobernadores, incluidos republicanos. Larry Hogan, el gobernador republicano de Maryland, escenario de una manifestaci\u00f3n el s\u00e1bado, consider\u00f3 que \u201cno tiene sentido animar a la gente a manifestarse contra un plan sobre el que uno acaba de hacer recomendaciones\u201d.<\/p>\n<p>Otros estados han empezado a relajar las medidas de distanciamiento. Algunas playas de Florida fueron autorizadas a reabrir este domingo y se llenaron enseguida de gente.<\/p>\n","protected":false},"excerpt":{"rendered":"<p>El personal sanitario se acerc\u00f3 a la protesta en Denver que exige la reanudaci\u00f3n de la actividad econ\u00f3mica. \u201cVayan a China si quieren comunismo\u201d, les gritaron &nbsp; &nbsp; Las protestas contra las medidas de cuarentena y distanciamiento social contin\u00faan en Estados Unidos, donde sectores ligados a la ultraderecha reclaman que se retome la actividad econ\u00f3mica para evitar mayores perjuicios a los bolsillos de los ciudadanos en el marco de la pandemia global. \u201cEsta cura es peor que la COVID\u201d, rezaba un cartel que levantaba un manifestante en una protesta Denver&#8230;<\/p>\n","protected":false},"author":3,"featured_media":60498,"comment_status":"closed","ping_status":"closed","sticky":false,"template":"","format":"standard","meta":[],"categories":[4],"tags":[],"_links":{"self":[{"href":"https:\/\/www.actualidadadiario.com\/index.php\/wp-json\/wp\/v2\/posts\/60497"}],"collection":[{"href":"https:\/\/www.actualidadadiario.com\/index.php\/wp-json\/wp\/v2\/posts"}],"about":[{"href":"https:\/\/www.actualidadadiario.com\/index.php\/wp-json\/wp\/v2\/types\/post"}],"author":[{"embeddable":true,"href":"https:\/\/www.actualidadadiario.com\/index.php\/wp-json\/wp\/v2\/users\/3"}],"replies":[{"embeddable":true,"href":"https:\/\/www.actualidadadiario.com\/index.php\/wp-json\/wp\/v2\/comments?post=60497"}],"version-history":[{"count":1,"href":"https:\/\/www.actualidadadiario.com\/index.php\/wp-json\/wp\/v2\/posts\/60497\/revisions"}],"predecessor-version":[{"id":60499,"href":"https:\/\/www.actualidadadiario.com\/index.php\/wp-json\/wp\/v2\/posts\/60497\/revisions\/60499"}],"wp:featuredmedia":[{"embeddable":true,"href":"https:\/\/www.actualidadadiario.com\/index.php\/wp-json\/wp\/v2\/media\/60498"}],"wp:attachment":[{"href":"https:\/\/www.actualidadadiario.com\/index.php\/wp-json\/wp\/v2\/media?parent=60497"}],"wp:term":[{"taxonomy":"category","embeddable":true,"href":"https:\/\/www.actualidadadiario.com\/index.php\/wp-json\/wp\/v2\/categories?post=60497"},{"taxonomy":"post_tag","embeddable":true,"href":"https:\/\/www.actualidadadiario.com\/index.php\/wp-json\/wp\/v2\/tags?post=60497"}],"curies":[{"name":"wp","href":"https:\/\/api.w.org\/{rel}","templated":true}]}}