{"id":60494,"date":"2020-04-20T13:17:49","date_gmt":"2020-04-20T16:17:49","guid":{"rendered":"https:\/\/www.actualidadadiario.com\/?p=60494"},"modified":"2020-04-20T13:17:49","modified_gmt":"2020-04-20T16:17:49","slug":"bajaron-los-delitos-con-la-excepcion-de-los-femicidios","status":"publish","type":"post","link":"https:\/\/www.actualidadadiario.com\/index.php\/2020\/04\/20\/bajaron-los-delitos-con-la-excepcion-de-los-femicidios\/","title":{"rendered":"Bajaron los delitos con la excepci\u00f3n de los femicidios"},"content":{"rendered":"<p style=\"text-align: center;\"><em><strong>G\u00f3mez Alcorta alert\u00f3 sobre la problem\u00e1tica. Desde el 20 de marzo pasado -d\u00eda en el que arranc\u00f3 la cuarentena- hasta el 16 de abril \u00faltimo hubo 21 femicidios en todo el pa\u00eds<\/strong><\/em><\/p>\n<p>&nbsp;<\/p>\n<p>&nbsp;<\/p>\n<p>En momentos en los que la violencia machista dej\u00f3 m\u00e1s de una veintena de v\u00edctimas fatales en el transcurso de un mes en pleno aislamiento obligatorio por la pandemia de covid-19, la ministra de las Mujeres, G\u00e9neros y Diversidad, Elizabeth G\u00f3mez Alcorta, admiti\u00f3 este domingo que &#8220;durante la cuarentena los delitos en general han bajado pero los femicidios se han mantenido&#8221;.<\/p>\n<p>En declaraciones radiales, la funcionaria destac\u00f3 que desde su cartera est\u00e1n &#8220;difundiendo diferentes canales para que quienes sufren violencia de g\u00e9nero puedan denunciarlo&#8221;. Y agreg\u00f3: &#8220;Tenemos un d\u00e9ficit estructural en las autoridades que intervienen en este tipo de cuestiones, y eso con las cuarentena se agrava&#8221;.<\/p>\n<p>Una de las \u00faltimas medidas que se tomaron desde el Gobierno nacional para paliar esta problem\u00e1tica fue la de exceptuar del aislamiento obligatorio a los establecimientos para la atenci\u00f3n de personas en situaci\u00f3n de violencia por motivos de g\u00e9nero. A trav\u00e9s de un comunicado, desde el ministerio de las Mujeres, G\u00e9neros y Diversidad se\u00f1alaron que con esta resoluci\u00f3n &#8220;se busca garantizar la asistencia en forma integral de las mujeres y personas LGBTI+ en situaci\u00f3n de violencia por motivos de g\u00e9nero, asegur\u00e1ndoles no solo el derecho de radicar la denuncia pertinente sino tambi\u00e9n el acceso gratuito, r\u00e1pido y eficaz a cualquiera de los dispositivos creados en el \u00e1mbito comunitario para la atenci\u00f3n, asistencia y contenci\u00f3n&#8221;. A su vez, destacaron que &#8220;desde el inicio de la cuarentena las mujeres y personas LGBTI+ en situaci\u00f3n de violencia por motivos de g\u00e9nero siempre estuvieron habilitadas para salir de sus hogares para realizar denuncias o solicitar asistencia&#8221;.<\/p>\n<p>Seg\u00fan el observatorio de femicidios en Argentina &#8220;Adriana Marisel Zambrano&#8221; de La casa del Encuentro, desde el 20 de marzo pasado -d\u00eda en el que arranc\u00f3 la cuarentena- hasta el 16 de abril \u00faltimo hubo 21 femicidios en todo el pa\u00eds, de las cuales 4 de las v\u00edctimas eran ni\u00f1as. Del total, el 65% fueron asesinadas en sus hogares y una de cada cinco hab\u00eda realizado denuncias previas por violencia de g\u00e9nero.<\/p>\n<p>En mayo del a\u00f1o pasado se present\u00f3 en la C\u00e1mara de Diputados de la Naci\u00f3n un proyecto que propon\u00eda declarar la emergencia en materia social por violencia de g\u00e9nero por dos a\u00f1os en todo el territorio nacional. Con ese mismo esp\u00edritu, la senadora del Frente de Todos y presidenta de la Comisi\u00f3n de la Mujer del Senado, Norma Durango, impulsa ahora una iniciativa similar, pero que adem\u00e1s plantea dotar de mayor presupuesto al Ministerio de las Mujeres, G\u00e9nero y Diversidad, entre otras cuestiones.<\/p>\n","protected":false},"excerpt":{"rendered":"<p>G\u00f3mez Alcorta alert\u00f3 sobre la problem\u00e1tica. Desde el 20 de marzo pasado -d\u00eda en el que arranc\u00f3 la cuarentena- hasta el 16 de abril \u00faltimo hubo 21 femicidios en todo el pa\u00eds &nbsp; &nbsp; En momentos en los que la violencia machista dej\u00f3 m\u00e1s de una veintena de v\u00edctimas fatales en el transcurso de un mes en pleno aislamiento obligatorio por la pandemia de covid-19, la ministra de las Mujeres, G\u00e9neros y Diversidad, Elizabeth G\u00f3mez Alcorta, admiti\u00f3 este domingo que &#8220;durante la cuarentena los delitos en general han bajado pero&#8230;<\/p>\n","protected":false},"author":3,"featured_media":60495,"comment_status":"closed","ping_status":"closed","sticky":false,"template":"","format":"standard","meta":[],"categories":[4],"tags":[],"_links":{"self":[{"href":"https:\/\/www.actualidadadiario.com\/index.php\/wp-json\/wp\/v2\/posts\/60494"}],"collection":[{"href":"https:\/\/www.actualidadadiario.com\/index.php\/wp-json\/wp\/v2\/posts"}],"about":[{"href":"https:\/\/www.actualidadadiario.com\/index.php\/wp-json\/wp\/v2\/types\/post"}],"author":[{"embeddable":true,"href":"https:\/\/www.actualidadadiario.com\/index.php\/wp-json\/wp\/v2\/users\/3"}],"replies":[{"embeddable":true,"href":"https:\/\/www.actualidadadiario.com\/index.php\/wp-json\/wp\/v2\/comments?post=60494"}],"version-history":[{"count":1,"href":"https:\/\/www.actualidadadiario.com\/index.php\/wp-json\/wp\/v2\/posts\/60494\/revisions"}],"predecessor-version":[{"id":60496,"href":"https:\/\/www.actualidadadiario.com\/index.php\/wp-json\/wp\/v2\/posts\/60494\/revisions\/60496"}],"wp:featuredmedia":[{"embeddable":true,"href":"https:\/\/www.actualidadadiario.com\/index.php\/wp-json\/wp\/v2\/media\/60495"}],"wp:attachment":[{"href":"https:\/\/www.actualidadadiario.com\/index.php\/wp-json\/wp\/v2\/media?parent=60494"}],"wp:term":[{"taxonomy":"category","embeddable":true,"href":"https:\/\/www.actualidadadiario.com\/index.php\/wp-json\/wp\/v2\/categories?post=60494"},{"taxonomy":"post_tag","embeddable":true,"href":"https:\/\/www.actualidadadiario.com\/index.php\/wp-json\/wp\/v2\/tags?post=60494"}],"curies":[{"name":"wp","href":"https:\/\/api.w.org\/{rel}","templated":true}]}}