{"id":60485,"date":"2020-04-20T13:15:32","date_gmt":"2020-04-20T16:15:32","guid":{"rendered":"https:\/\/www.actualidadadiario.com\/?p=60485"},"modified":"2020-04-20T13:15:32","modified_gmt":"2020-04-20T16:15:32","slug":"sera-obligatorio-usar-barbijo-en-rio-de-janeiro-a-partir-del-miercoles","status":"publish","type":"post","link":"https:\/\/www.actualidadadiario.com\/index.php\/2020\/04\/20\/sera-obligatorio-usar-barbijo-en-rio-de-janeiro-a-partir-del-miercoles\/","title":{"rendered":"Ser\u00e1 obligatorio usar barbijo en R\u00edo de Janeiro a partir del mi\u00e9rcoles"},"content":{"rendered":"<p style=\"text-align: center;\"><em><strong>Una vez que la norma entre en vigencia, las personas que no usen barbijo podr\u00e1n ser impedidas de entrar en bancos, supermercados, farmacias, colectivos, taxis y subterr\u00e1neos<\/strong><\/em><\/p>\n<p>&nbsp;<\/p>\n<p>&nbsp;<\/p>\n<p>El alcalde de R\u00edo de Janeiro, Marcelo Crivella, decret\u00f3 hoy que a partir del pr\u00f3ximo mi\u00e9rcoles ser\u00e1 obligatorio el uso de barbijo en la v\u00eda p\u00fablica, como m\u00e9todo para contener la propagaci\u00f3n de la pandemia de coronavirus.<\/p>\n<p>R\u00edo de Janeiro es la capital de uno de los estados m\u00e1s afectados por la enfermedad en Brasil, el pa\u00eds con mayor cantidad de contagios y de muertes por coronavirus en Am\u00e9rica latina.<\/p>\n<p>La medida, publicada en el Diario Oficial de la ciudad, impone la obligaci\u00f3n de usar tapabocas a quienes visiten establecimientos p\u00fablicos o privados, o circulen por calles o playas, o usen medios de transporte p\u00fablico, seg\u00fan la agencia de noticias EFE.<\/p>\n<p>\u201cLa mascarillas que estamos tornando obligatorias son las comunes, las hechas en casa; las profesionales, como determina el Ministerio de Salud, las vamos a dejar para los profesionales de la salud\u201d, dijo Crivella en un video divulgado en redes sociales.<\/p>\n<p>Una vez que la norma entre en vigencia, las personas que no usen barbijo podr\u00e1n ser impedidas de entrar en bancos, supermercados, farmacias, colectivos, taxis y subterr\u00e1neos.<\/p>\n<p>Adem\u00e1s, se har\u00e1n pasibles de multas por \u201cdejar de ejecutar, dificultar u oponerse a la ejecuci\u00f3n de medidas sanitarias promulgadas con el objetivo de prevenci\u00f3n de enfermedades transmisibles y su diseminaci\u00f3n\u201d, advierte la resoluci\u00f3n.<\/p>\n<p>Crivella aclar\u00f3 que, m\u00e1s que \u201ccastigar\u201d a las personas, la medida -que fue adoptada junto con el comit\u00e9 cient\u00edfico y el gabinete de crisis creados por la alcald\u00eda, destac\u00f3- procura \u201cconcientizar\u201d sobre la importancia de cuidarse y \u201cautofiscalizarse\u201d.<\/p>\n<p>Brasil contabilizaba 36.599 casos confirmados de coronavirus y 2.347 muertes por la enfermedad, y el estado R\u00edo de Janeiro era la tercera regi\u00f3n por cantidad de contagios, con 4.543 (12% del total), y la segunda por n\u00famero de decesos, con 387 (17%), seg\u00fan el \u00faltimo balance del Ministerio de Salud, publicado anoche.<\/p>\n","protected":false},"excerpt":{"rendered":"<p>Una vez que la norma entre en vigencia, las personas que no usen barbijo podr\u00e1n ser impedidas de entrar en bancos, supermercados, farmacias, colectivos, taxis y subterr\u00e1neos &nbsp; &nbsp; El alcalde de R\u00edo de Janeiro, Marcelo Crivella, decret\u00f3 hoy que a partir del pr\u00f3ximo mi\u00e9rcoles ser\u00e1 obligatorio el uso de barbijo en la v\u00eda p\u00fablica, como m\u00e9todo para contener la propagaci\u00f3n de la pandemia de coronavirus. R\u00edo de Janeiro es la capital de uno de los estados m\u00e1s afectados por la enfermedad en Brasil, el pa\u00eds con mayor cantidad de&#8230;<\/p>\n","protected":false},"author":3,"featured_media":60486,"comment_status":"closed","ping_status":"closed","sticky":false,"template":"","format":"standard","meta":[],"categories":[4],"tags":[],"_links":{"self":[{"href":"https:\/\/www.actualidadadiario.com\/index.php\/wp-json\/wp\/v2\/posts\/60485"}],"collection":[{"href":"https:\/\/www.actualidadadiario.com\/index.php\/wp-json\/wp\/v2\/posts"}],"about":[{"href":"https:\/\/www.actualidadadiario.com\/index.php\/wp-json\/wp\/v2\/types\/post"}],"author":[{"embeddable":true,"href":"https:\/\/www.actualidadadiario.com\/index.php\/wp-json\/wp\/v2\/users\/3"}],"replies":[{"embeddable":true,"href":"https:\/\/www.actualidadadiario.com\/index.php\/wp-json\/wp\/v2\/comments?post=60485"}],"version-history":[{"count":1,"href":"https:\/\/www.actualidadadiario.com\/index.php\/wp-json\/wp\/v2\/posts\/60485\/revisions"}],"predecessor-version":[{"id":60487,"href":"https:\/\/www.actualidadadiario.com\/index.php\/wp-json\/wp\/v2\/posts\/60485\/revisions\/60487"}],"wp:featuredmedia":[{"embeddable":true,"href":"https:\/\/www.actualidadadiario.com\/index.php\/wp-json\/wp\/v2\/media\/60486"}],"wp:attachment":[{"href":"https:\/\/www.actualidadadiario.com\/index.php\/wp-json\/wp\/v2\/media?parent=60485"}],"wp:term":[{"taxonomy":"category","embeddable":true,"href":"https:\/\/www.actualidadadiario.com\/index.php\/wp-json\/wp\/v2\/categories?post=60485"},{"taxonomy":"post_tag","embeddable":true,"href":"https:\/\/www.actualidadadiario.com\/index.php\/wp-json\/wp\/v2\/tags?post=60485"}],"curies":[{"name":"wp","href":"https:\/\/api.w.org\/{rel}","templated":true}]}}