{"id":60481,"date":"2020-04-20T13:13:44","date_gmt":"2020-04-20T16:13:44","guid":{"rendered":"https:\/\/www.actualidadadiario.com\/?p=60481"},"modified":"2020-04-20T13:13:44","modified_gmt":"2020-04-20T16:13:44","slug":"el-gobierno-ya-evalua-postergar-la-cuarentena-hasta-el-3-de-mayo","status":"publish","type":"post","link":"https:\/\/www.actualidadadiario.com\/index.php\/2020\/04\/20\/el-gobierno-ya-evalua-postergar-la-cuarentena-hasta-el-3-de-mayo\/","title":{"rendered":"El Gobierno ya eval\u00faa postergar la cuarentena hasta el 3 de mayo"},"content":{"rendered":"<p style=\"text-align: center;\"><em><strong>Hoy comienza la tercera etapa del aislamiento ahora administrado, con 11 nuevas actividades exceptuadas. En la semana, el presidente Alberto Fern\u00e1ndez se volver\u00e1 a reunir con el comit\u00e9 de expertos<\/strong><\/em><\/p>\n<p>&nbsp;<\/p>\n<p>Al cumplirse este lunes un mes del in\u00e9dito decreto presidencial que lo estableci\u00f3, en la recta final de la \u00faltima semana el prorrogado aislamiento obligatorio por la pandemia del coronavirus, en las provincias comenzar\u00e1 hoy la tercera etapa, la llamada &#8220;cuarentena administrada&#8221;, con procedimientos burocr\u00e1ticos que permiten avizorar que habr\u00e1 una nueva extensi\u00f3n a partir del vencimiento del 26 de abril.<\/p>\n<p>El propio Alberto Fern\u00e1ndez lo desliz\u00f3 el domingo pasado. En una entrevista al diario Perfil, el Presidente hab\u00eda calculado que el confinamiento &#8220;va a durar mes y medio por lo menos&#8221;. Por eso durante los \u00faltimos d\u00edas circul\u00f3 el 3 de mayo, en principio, como nuevo plazo que antes del pr\u00f3ximo domingo el mandatario deber\u00eda establecer.<\/p>\n<p>&#8220;Trabajamos en base a quincenas, pero es un an\u00e1lisis d\u00eda a d\u00eda&#8221;, afirman en la Casa Rosada.<\/p>\n<p>El procedimiento ser\u00eda el mismo que en las anteriores dos extensiones: una reuni\u00f3n con el comit\u00e9 de expertos sanitaristas que lo asesora y el respaldo oficial de todos los gobernadores para la continuidad de la medida que golpea en una ya golpeada econom\u00eda.<\/p>\n<p>Con el pico de contagios postergado ahora para junio, la clave es la finalizaci\u00f3n del refuerzo de la estructura sanitaria. Para los primeros d\u00edas de mayo, por caso, se espera que est\u00e9n listos los hospitales modulares.<\/p>\n<p>La apertura, como ya se encarg\u00f3 de transmitir el Presidente, igual ser\u00e1 dosificada, por sectores. Unos volver\u00edan a una normalidad &#8220;administrada&#8221;, bajo estrictos protocolos, antes que otros.<\/p>\n<p>&#8220;No vamos a relajar los controles&#8221;, repiten fuentes oficiales. Algunos expertos, como la Infect\u00f3loga Florencia Cahn alert\u00f3 el domingo en CNN Radio, hablan de un falso efecto de seguridad que brind\u00f3 el barbijo casero obligatorio, por lo que se notaron m\u00e1s personas en las calles en los \u00faltimos d\u00edas.<\/p>\n<p>Limitar la circulaci\u00f3n del virus en el transporte p\u00fablico es la obsesi\u00f3n de Fern\u00e1ndez. &#8220;A partir de ma\u00f1ana (por hoy) habr\u00e1 unos 11 mil colectivos para 900 mil personas circulando&#8221;, destac\u00f3 el domingo el ministro de Transporte, Mario Meoni, en respuesta a recientes im\u00e1genes de gente apretada en los trenes.<\/p>\n<p>A partir de este lunes, las provincias controlar\u00e1n las 11 nuevas excepciones dispuestas por el jefe de Gabinete Santiago Cafiero, que en total ya totalizan cerca de 60 desde que comenz\u00f3 la cuarentena. Las novedades vendr\u00e1n por el lado de locales de cobranza de cobranza de servicios e impuestos; venta telef\u00f3nica u online de mercader\u00eda ya elaborada de comercios minoristas; atenci\u00f3n m\u00e9dica y odontol\u00f3gica programada; laboratorios de an\u00e1lisis cl\u00ednicos y centros de diagn\u00f3stico por imagen, con sistema de turno previo; \u00f3pticas; y &#8220;procesos industriales espec\u00edficos&#8221;.<\/p>\n<p>\u00bfHabr\u00e1 m\u00e1s? De a poco, si hay voluntad compartida y responsabilidad ciudadana. &#8220;Es imposible de controlar si una f\u00e1brica pone alcohol en gel y respeta la distancia social&#8221;, admiten en el Gobierno.<\/p>\n","protected":false},"excerpt":{"rendered":"<p>Hoy comienza la tercera etapa del aislamiento ahora administrado, con 11 nuevas actividades exceptuadas. En la semana, el presidente Alberto Fern\u00e1ndez se volver\u00e1 a reunir con el comit\u00e9 de expertos &nbsp; Al cumplirse este lunes un mes del in\u00e9dito decreto presidencial que lo estableci\u00f3, en la recta final de la \u00faltima semana el prorrogado aislamiento obligatorio por la pandemia del coronavirus, en las provincias comenzar\u00e1 hoy la tercera etapa, la llamada &#8220;cuarentena administrada&#8221;, con procedimientos burocr\u00e1ticos que permiten avizorar que habr\u00e1 una nueva extensi\u00f3n a partir del vencimiento del 26&#8230;<\/p>\n","protected":false},"author":3,"featured_media":59977,"comment_status":"closed","ping_status":"closed","sticky":false,"template":"","format":"standard","meta":[],"categories":[18],"tags":[],"_links":{"self":[{"href":"https:\/\/www.actualidadadiario.com\/index.php\/wp-json\/wp\/v2\/posts\/60481"}],"collection":[{"href":"https:\/\/www.actualidadadiario.com\/index.php\/wp-json\/wp\/v2\/posts"}],"about":[{"href":"https:\/\/www.actualidadadiario.com\/index.php\/wp-json\/wp\/v2\/types\/post"}],"author":[{"embeddable":true,"href":"https:\/\/www.actualidadadiario.com\/index.php\/wp-json\/wp\/v2\/users\/3"}],"replies":[{"embeddable":true,"href":"https:\/\/www.actualidadadiario.com\/index.php\/wp-json\/wp\/v2\/comments?post=60481"}],"version-history":[{"count":1,"href":"https:\/\/www.actualidadadiario.com\/index.php\/wp-json\/wp\/v2\/posts\/60481\/revisions"}],"predecessor-version":[{"id":60482,"href":"https:\/\/www.actualidadadiario.com\/index.php\/wp-json\/wp\/v2\/posts\/60481\/revisions\/60482"}],"wp:featuredmedia":[{"embeddable":true,"href":"https:\/\/www.actualidadadiario.com\/index.php\/wp-json\/wp\/v2\/media\/59977"}],"wp:attachment":[{"href":"https:\/\/www.actualidadadiario.com\/index.php\/wp-json\/wp\/v2\/media?parent=60481"}],"wp:term":[{"taxonomy":"category","embeddable":true,"href":"https:\/\/www.actualidadadiario.com\/index.php\/wp-json\/wp\/v2\/categories?post=60481"},{"taxonomy":"post_tag","embeddable":true,"href":"https:\/\/www.actualidadadiario.com\/index.php\/wp-json\/wp\/v2\/tags?post=60481"}],"curies":[{"name":"wp","href":"https:\/\/api.w.org\/{rel}","templated":true}]}}