{"id":60478,"date":"2020-04-20T13:12:49","date_gmt":"2020-04-20T16:12:49","guid":{"rendered":"https:\/\/www.actualidadadiario.com\/?p=60478"},"modified":"2020-04-20T13:12:49","modified_gmt":"2020-04-20T16:12:49","slug":"los-ministros-expondran-de-forma-virtual-ante-el-congreso-durante-la-semana","status":"publish","type":"post","link":"https:\/\/www.actualidadadiario.com\/index.php\/2020\/04\/20\/los-ministros-expondran-de-forma-virtual-ante-el-congreso-durante-la-semana\/","title":{"rendered":"Los ministros expondr\u00e1n de forma virtual ante el Congreso durante la semana"},"content":{"rendered":"<p style=\"text-align: center;\"><em><strong>El primero en hacerlo ser\u00e1 el funcionario de Producci\u00f3n, Mat\u00edas Kulfas, quien hablar\u00e1 hoy a las 17.00 horas<\/strong><\/em><\/p>\n<p>&nbsp;<\/p>\n<p>&nbsp;<\/p>\n<p>Mat\u00edas Kulfas, llevar\u00e1 adelante hoy a las 17.00 horas una videoconferencia, seg\u00fan inform\u00f3 Noticias Argentinas. A trav\u00e9s de la misma, el funcionario les contar\u00e1 a los diputados de la comisi\u00f3n de Peque\u00f1as y Medianas Empresas cuales son las medidas que su cartera est\u00e1 tomando en el contexto del coronavirus.<\/p>\n<p>El miembro del gabinete nacional primero realizar\u00e1 una exposici\u00f3n en la que informar\u00e1 acerca de las resoluciones que el ministerio est\u00e1 implementando y luego los integrantes de la C\u00e1mara Baja podr\u00e1n hacerle preguntas. La comisi\u00f3n se encuentra presidida por el exgobernador de La Rioja, Sergio Casas.<\/p>\n<p>El pr\u00f3ximo martes ser\u00e1 el turno del ministro de Ciencia, Tecnolog\u00eda e Innovaci\u00f3n, Roberto Salvarezza, quien tambi\u00e9n llevar\u00e1 a cabo un informe de las medidas que est\u00e1 desarrollando en su cartera en el contexto del COVID- 19. La modalidad ser\u00e1 la misma que con Kulfas, el funcionario expondr\u00e1 y luego, los diputados de la comisi\u00f3n, pero en este caso de Ciencias le manifestar\u00e1n sus inquietudes.<\/p>\n<p>El mi\u00e9rcoles que viene hablar\u00e1n ante la comisi\u00f3n de Comunicaciones e Inform\u00e1tica, el secretario de Medios y Comunicaci\u00f3n P\u00fablica, Francisco Meritello; el presidente del Enacom, Claudio Ambrosini; y la secretaria de Innovaci\u00f3n P\u00fablica, Micaela S\u00e1nchez Malcom. La misma se encuentra presidida por el legislador kirchnerista, Pablo Carro.<\/p>\n<p>Por \u00faltimo, el pr\u00f3ximo jueves llevar\u00e1n a cabo un informe los integrantes de la comisi\u00f3n de Comercio, cuya titular es la diputada de Entre R\u00edos, Gabriela Lena. En la misma participar\u00e1 de forma virtual la secretaria del \u00e1rea, Paula Espa\u00f1ol. Para concluir, cabe destacar que tal, el jefe de Gabinete, Santiago Cafiero, hablar\u00e1 ante el Senado. El funcionario le envi\u00f3 una carta a la C\u00e1mara Alta, el pasado 1 de abril, en la que indicaba que se encontraba a \u201ctotal disposici\u00f3n\u201d de los legisladores. Por lo tanto, el miembro del gabinete nacional considera que ahora los senadores deben enviarle la invitaci\u00f3n correspondiente.<\/p>\n","protected":false},"excerpt":{"rendered":"<p>El primero en hacerlo ser\u00e1 el funcionario de Producci\u00f3n, Mat\u00edas Kulfas, quien hablar\u00e1 hoy a las 17.00 horas &nbsp; &nbsp; Mat\u00edas Kulfas, llevar\u00e1 adelante hoy a las 17.00 horas una videoconferencia, seg\u00fan inform\u00f3 Noticias Argentinas. A trav\u00e9s de la misma, el funcionario les contar\u00e1 a los diputados de la comisi\u00f3n de Peque\u00f1as y Medianas Empresas cuales son las medidas que su cartera est\u00e1 tomando en el contexto del coronavirus. El miembro del gabinete nacional primero realizar\u00e1 una exposici\u00f3n en la que informar\u00e1 acerca de las resoluciones que el ministerio est\u00e1&#8230;<\/p>\n","protected":false},"author":3,"featured_media":60479,"comment_status":"closed","ping_status":"closed","sticky":false,"template":"","format":"standard","meta":[],"categories":[18],"tags":[],"_links":{"self":[{"href":"https:\/\/www.actualidadadiario.com\/index.php\/wp-json\/wp\/v2\/posts\/60478"}],"collection":[{"href":"https:\/\/www.actualidadadiario.com\/index.php\/wp-json\/wp\/v2\/posts"}],"about":[{"href":"https:\/\/www.actualidadadiario.com\/index.php\/wp-json\/wp\/v2\/types\/post"}],"author":[{"embeddable":true,"href":"https:\/\/www.actualidadadiario.com\/index.php\/wp-json\/wp\/v2\/users\/3"}],"replies":[{"embeddable":true,"href":"https:\/\/www.actualidadadiario.com\/index.php\/wp-json\/wp\/v2\/comments?post=60478"}],"version-history":[{"count":1,"href":"https:\/\/www.actualidadadiario.com\/index.php\/wp-json\/wp\/v2\/posts\/60478\/revisions"}],"predecessor-version":[{"id":60480,"href":"https:\/\/www.actualidadadiario.com\/index.php\/wp-json\/wp\/v2\/posts\/60478\/revisions\/60480"}],"wp:featuredmedia":[{"embeddable":true,"href":"https:\/\/www.actualidadadiario.com\/index.php\/wp-json\/wp\/v2\/media\/60479"}],"wp:attachment":[{"href":"https:\/\/www.actualidadadiario.com\/index.php\/wp-json\/wp\/v2\/media?parent=60478"}],"wp:term":[{"taxonomy":"category","embeddable":true,"href":"https:\/\/www.actualidadadiario.com\/index.php\/wp-json\/wp\/v2\/categories?post=60478"},{"taxonomy":"post_tag","embeddable":true,"href":"https:\/\/www.actualidadadiario.com\/index.php\/wp-json\/wp\/v2\/tags?post=60478"}],"curies":[{"name":"wp","href":"https:\/\/api.w.org\/{rel}","templated":true}]}}