{"id":60476,"date":"2020-04-20T13:11:44","date_gmt":"2020-04-20T16:11:44","guid":{"rendered":"https:\/\/www.actualidadadiario.com\/?p=60476"},"modified":"2020-04-20T13:11:44","modified_gmt":"2020-04-20T16:11:44","slug":"cafiero-dio-mas-detalles-de-los-creditos-para-monotributistas-y-autonomos","status":"publish","type":"post","link":"https:\/\/www.actualidadadiario.com\/index.php\/2020\/04\/20\/cafiero-dio-mas-detalles-de-los-creditos-para-monotributistas-y-autonomos\/","title":{"rendered":"Cafiero dio m\u00e1s detalles de los cr\u00e9ditos para monotributistas y aut\u00f3nomos"},"content":{"rendered":"<p style=\"text-align: center;\"><em><strong>&#8220;Es una pol\u00edtica muy agresiva, que implicar\u00e1 una erogaci\u00f3n muy grande&#8221;, destac\u00f3 el jefe de Gabinete, Santiago Cafiero, respecto del DNU firmado por el presidente Alberto Fern\u00e1ndez, que ampl\u00eda la ayuda a las empresas afectadas por la crisis con el pago, por parte del Estado, de un &#8220;salario complementario&#8221;. Por otra parte, el denominado Programa de Asistencia de Emergencia al Trabajo y la Producci\u00f3n (ATP) crear\u00e1 una l\u00ednea de cr\u00e9dito a tasa cero para monotributistas y aut\u00f3nomos, que, seg\u00fan adelant\u00f3 Cafiero, podr\u00eda estar disponible los primeros d\u00edas de mayo con acreditaci\u00f3n directa a las tarjetas de cr\u00e9dito<\/strong><\/em><\/p>\n<p>&nbsp;<\/p>\n<p>&nbsp;<\/p>\n<p>Minutos antes de encabezar la reuni\u00f3n de Gabinete Econ\u00f3mico en la que se definir\u00e1 la aplicaci\u00f3n de los anuncios hechos en la noche del domingo, Cafiero destac\u00f3 que la nueva bater\u00eda de medidas muestra que al Gobierno &#8220;tambi\u00e9n lo preocupada la econom\u00eda y no cree en la dicotom\u00eda entre econom\u00eda o salud&#8221;.<\/p>\n<p>Adem\u00e1s, al cumplirse un mes de la cuarentena, el jefe de Gabinete reconoci\u00f3 que &#8220;la gran mayor\u00eda de los referentes pol\u00edticos han estado a disposici\u00f3n&#8221; para dar &#8220;el apoyo que el presidente necesita&#8221; para enfrentar la pandemia.<\/p>\n<p>En cuanto a la etapa de &#8220;cuarentena administrada&#8221;, en la que los gobierno provinciales y municipales pueden solicitar al Gobierno nacional la apertura de regiones y sectores productivos, Cafiero indic\u00f3 que se cuidar\u00e1 que esos permisos &#8220;no carguen el uso del transporte p\u00fablico&#8221; y se\u00f1al\u00f3 que donde la actividad se vuelva a poner en marcha servir\u00e1 para &#8220;ir evaluando c\u00f3mo se comporta el virus&#8221;.<\/p>\n<p>&#8220;El n\u00famero de casos va a subir, pero podr\u00e1n continuar las actividades siempre y cuando tengamos controlado una serie de indicadores, por ejemplo, cada cu\u00e1ntos d\u00edas se duplican los casos&#8221;, explic\u00f3 el jefe de Gabinete.<\/p>\n<p>&nbsp;<\/p>\n<p><strong>Salario complementario <\/strong><\/p>\n<p>Respecto de la aplicaci\u00f3n del DNU publicado anoche, Cafiero se\u00f1al\u00f3 que para el sector empresario se reemplazar\u00e1n los Repro y otras asistencias para simplificarlo en lo que ser\u00e1 el &#8220;salario complementario&#8221;, con los que el Estado cubrir\u00e1 el 50% del salario de los trabajadores del sector privado.<\/p>\n<p>Cafiero confirm\u00f3 que las empresas que ya se inscribieron ante la AFIP para recibir asistencia econ\u00f3mica del Estado son 450 mil. Las firmas deber\u00e1n demostrar la crisis que atraviesan, la baja en su facturaci\u00f3n, que ya est\u00e1 siendo analizada por el organismo tributario, pero el jefe de Gabinete descart\u00f3 que el n\u00famero de empresas asistidas sea elevado.<\/p>\n<p>&nbsp;<\/p>\n<p><strong>Cr\u00e9ditos a tasa cero<\/strong><\/p>\n<p>Aunque el Gabinete Econ\u00f3mico afinar\u00e1 la aplicaci\u00f3n del Programa de Asistencia de Emergencia al Trabajo y la Producci\u00f3n en las pr\u00f3ximas horas, el jefe de Gabinete adelant\u00f3 que los cr\u00e9ditos a tasa cero, que ser\u00e1 financiada \u00edntegramente por el Estado, comenzar\u00e1n a pagarse en diciembre y se cancelar\u00e1n en 12 cuotas fijas.<\/p>\n<p>&#8220;Era una asignatura pendiente, el presidente nos encomend\u00f3 pensar una pol\u00edticas espec\u00edfica para este sector&#8221;, valor\u00f3 el ministro la l\u00ednea que alcanza a todos los monotributistas y aut\u00f3nomos.<\/p>\n<p>El jefe de ministros se\u00f1al\u00f3 que la reglamentaci\u00f3n ser\u00e1 emitida en breve por el Banco Central y puso como expectativa poder comenzar a entregar los cr\u00e9ditos a principios de mayo, de manera sencilla y directa, posiblemente a trav\u00e9s de las tarjetas de cr\u00e9dito. &#8220;Es un segmento que en general est\u00e1 bancarizado&#8221;, se\u00f1al\u00f3 Cafiero.<\/p>\n","protected":false},"excerpt":{"rendered":"<p>&#8220;Es una pol\u00edtica muy agresiva, que implicar\u00e1 una erogaci\u00f3n muy grande&#8221;, destac\u00f3 el jefe de Gabinete, Santiago Cafiero, respecto del DNU firmado por el presidente Alberto Fern\u00e1ndez, que ampl\u00eda la ayuda a las empresas afectadas por la crisis con el pago, por parte del Estado, de un &#8220;salario complementario&#8221;. Por otra parte, el denominado Programa de Asistencia de Emergencia al Trabajo y la Producci\u00f3n (ATP) crear\u00e1 una l\u00ednea de cr\u00e9dito a tasa cero para monotributistas y aut\u00f3nomos, que, seg\u00fan adelant\u00f3 Cafiero, podr\u00eda estar disponible los primeros d\u00edas de mayo con&#8230;<\/p>\n","protected":false},"author":3,"featured_media":58026,"comment_status":"closed","ping_status":"closed","sticky":false,"template":"","format":"standard","meta":[],"categories":[18],"tags":[],"_links":{"self":[{"href":"https:\/\/www.actualidadadiario.com\/index.php\/wp-json\/wp\/v2\/posts\/60476"}],"collection":[{"href":"https:\/\/www.actualidadadiario.com\/index.php\/wp-json\/wp\/v2\/posts"}],"about":[{"href":"https:\/\/www.actualidadadiario.com\/index.php\/wp-json\/wp\/v2\/types\/post"}],"author":[{"embeddable":true,"href":"https:\/\/www.actualidadadiario.com\/index.php\/wp-json\/wp\/v2\/users\/3"}],"replies":[{"embeddable":true,"href":"https:\/\/www.actualidadadiario.com\/index.php\/wp-json\/wp\/v2\/comments?post=60476"}],"version-history":[{"count":1,"href":"https:\/\/www.actualidadadiario.com\/index.php\/wp-json\/wp\/v2\/posts\/60476\/revisions"}],"predecessor-version":[{"id":60477,"href":"https:\/\/www.actualidadadiario.com\/index.php\/wp-json\/wp\/v2\/posts\/60476\/revisions\/60477"}],"wp:featuredmedia":[{"embeddable":true,"href":"https:\/\/www.actualidadadiario.com\/index.php\/wp-json\/wp\/v2\/media\/58026"}],"wp:attachment":[{"href":"https:\/\/www.actualidadadiario.com\/index.php\/wp-json\/wp\/v2\/media?parent=60476"}],"wp:term":[{"taxonomy":"category","embeddable":true,"href":"https:\/\/www.actualidadadiario.com\/index.php\/wp-json\/wp\/v2\/categories?post=60476"},{"taxonomy":"post_tag","embeddable":true,"href":"https:\/\/www.actualidadadiario.com\/index.php\/wp-json\/wp\/v2\/tags?post=60476"}],"curies":[{"name":"wp","href":"https:\/\/api.w.org\/{rel}","templated":true}]}}