{"id":60473,"date":"2020-04-20T13:11:00","date_gmt":"2020-04-20T16:11:00","guid":{"rendered":"https:\/\/www.actualidadadiario.com\/?p=60473"},"modified":"2020-04-20T13:11:00","modified_gmt":"2020-04-20T16:11:00","slug":"el-gobierno-abonara-el-50-del-sueldo-de-los-privados-y-dara-creditos-a-tasa-cero","status":"publish","type":"post","link":"https:\/\/www.actualidadadiario.com\/index.php\/2020\/04\/20\/el-gobierno-abonara-el-50-del-sueldo-de-los-privados-y-dara-creditos-a-tasa-cero\/","title":{"rendered":"El Gobierno abonar\u00e1 el 50% del sueldo de los privados y dar\u00e1 cr\u00e9ditos a tasa cero"},"content":{"rendered":"<p style=\"text-align: center;\"><em><strong>Dos medidas excepcionales para revertir el efecto econ\u00f3mico del coronavirus: un salario complementario abonado por la ANSeS para todos o parte de los trabajadores\/as en relaci\u00f3n de dependencia cuyos empleadores cumplan con una serie de requisitos establecidos en el mismo DNU. Los cr\u00e9ditos apuntan a las pymes y aut\u00f3nomos<\/strong><\/em><\/p>\n<p>&nbsp;<\/p>\n<p>&nbsp;<\/p>\n<p>A trav\u00e9s del Decreto de Necesidad y Urgencia 376\/2020 publicado en el Bolet\u00edn Oficial el Gobierno nacional que comanda Alberto Fern\u00e1ndez dispuso dos medidas excepcionales para revertir los efectos econ\u00f3micos generados por el coronavirus y el aislamiento obligatorio para evitar miles de muertes en el pa\u00eds.<\/p>\n<p>Como parte de la extensi\u00f3n del Programa de Asistencia de Emergencia al Trabajo y la Producci\u00f3n, el Gobierno dispuso el pago del 50% de los sueldos del sector privado a trav\u00e9s de lo que se denomina &#8220;salario complementario&#8221; que consistir\u00e1 en una suma que abonar\u00e1 la Anses para todos o parte de los trabajadores\/as en relaci\u00f3n de dependencia cuyos empleadores cumplan con una serie de requisitos establecidos en el mismo DNU.<\/p>\n<p>Seg\u00fan se detalla en el decreto el monto de la asignaci\u00f3n ser\u00e1 equivalente al 50% del sueldo neto del trabajador correspondiente a febrero del 2020. &#8220;No pudiendo ser inferior a una suma equivalente a un salario m\u00ednimo, vital y m\u00f3vil ni superar dos salarios m\u00ednimos, vitales y m\u00f3viles, o al total del salario neto correspondiente a ese mes&#8221;, agrega la norma del Ejecutivo.<\/p>\n<p>Adem\u00e1s se otorgar\u00e1n cr\u00e9ditos a monotributistas y aut\u00f3nomos a tasa cero. &#8220;Consistir\u00e1 en una financiaci\u00f3n a ser acreditada en la tarjeta de cr\u00e9dito del beneficiario en los t\u00e9rminos que, para la implementaci\u00f3n de la medida, establezca el Banco Central de la Rep\u00fablica Argentina&#8221;, definieron.<\/p>\n","protected":false},"excerpt":{"rendered":"<p>Dos medidas excepcionales para revertir el efecto econ\u00f3mico del coronavirus: un salario complementario abonado por la ANSeS para todos o parte de los trabajadores\/as en relaci\u00f3n de dependencia cuyos empleadores cumplan con una serie de requisitos establecidos en el mismo DNU. Los cr\u00e9ditos apuntan a las pymes y aut\u00f3nomos &nbsp; &nbsp; A trav\u00e9s del Decreto de Necesidad y Urgencia 376\/2020 publicado en el Bolet\u00edn Oficial el Gobierno nacional que comanda Alberto Fern\u00e1ndez dispuso dos medidas excepcionales para revertir los efectos econ\u00f3micos generados por el coronavirus y el aislamiento obligatorio para&#8230;<\/p>\n","protected":false},"author":3,"featured_media":60474,"comment_status":"closed","ping_status":"closed","sticky":false,"template":"","format":"standard","meta":[],"categories":[18],"tags":[],"_links":{"self":[{"href":"https:\/\/www.actualidadadiario.com\/index.php\/wp-json\/wp\/v2\/posts\/60473"}],"collection":[{"href":"https:\/\/www.actualidadadiario.com\/index.php\/wp-json\/wp\/v2\/posts"}],"about":[{"href":"https:\/\/www.actualidadadiario.com\/index.php\/wp-json\/wp\/v2\/types\/post"}],"author":[{"embeddable":true,"href":"https:\/\/www.actualidadadiario.com\/index.php\/wp-json\/wp\/v2\/users\/3"}],"replies":[{"embeddable":true,"href":"https:\/\/www.actualidadadiario.com\/index.php\/wp-json\/wp\/v2\/comments?post=60473"}],"version-history":[{"count":1,"href":"https:\/\/www.actualidadadiario.com\/index.php\/wp-json\/wp\/v2\/posts\/60473\/revisions"}],"predecessor-version":[{"id":60475,"href":"https:\/\/www.actualidadadiario.com\/index.php\/wp-json\/wp\/v2\/posts\/60473\/revisions\/60475"}],"wp:featuredmedia":[{"embeddable":true,"href":"https:\/\/www.actualidadadiario.com\/index.php\/wp-json\/wp\/v2\/media\/60474"}],"wp:attachment":[{"href":"https:\/\/www.actualidadadiario.com\/index.php\/wp-json\/wp\/v2\/media?parent=60473"}],"wp:term":[{"taxonomy":"category","embeddable":true,"href":"https:\/\/www.actualidadadiario.com\/index.php\/wp-json\/wp\/v2\/categories?post=60473"},{"taxonomy":"post_tag","embeddable":true,"href":"https:\/\/www.actualidadadiario.com\/index.php\/wp-json\/wp\/v2\/tags?post=60473"}],"curies":[{"name":"wp","href":"https:\/\/api.w.org\/{rel}","templated":true}]}}