{"id":60471,"date":"2020-04-20T13:10:18","date_gmt":"2020-04-20T16:10:18","guid":{"rendered":"https:\/\/www.actualidadadiario.com\/?p=60471"},"modified":"2020-04-20T13:10:18","modified_gmt":"2020-04-20T16:10:18","slug":"trotta-tienen-que-pasar-unas-semanas-todavia-para-analizar-la-vuelta-a-clases","status":"publish","type":"post","link":"https:\/\/www.actualidadadiario.com\/index.php\/2020\/04\/20\/trotta-tienen-que-pasar-unas-semanas-todavia-para-analizar-la-vuelta-a-clases\/","title":{"rendered":"Trotta: &#8220;Tienen que pasar unas semanas todav\u00eda para analizar la vuelta a clases&#8221;"},"content":{"rendered":"<p style=\"text-align: center;\"><em><strong>El ministro de Educaci\u00f3n sostuvo que todav\u00eda &#8220;tienen que pasar unas semanas m\u00e1s&#8221; para estar en condiciones de determinar una fecha aproximada de &#8220;vuelta a clases&#8221; dado que todav\u00eda es incierta la evoluci\u00f3n que tendr\u00e1 la pandemia<\/strong><\/em><\/p>\n<p>&nbsp;<\/p>\n<p>&nbsp;<\/p>\n<p>&#8220;Uno tiende a ver que tienen que pasar unas semanas todav\u00eda para poder analizar la vuelta a clases. No es una decisi\u00f3n del ministerio sino una decisi\u00f3n epidemiol\u00f3gica, de los especialistas, es una decisi\u00f3n sanitaria&#8221;, recalc\u00f3 Nicol\u00e1s Trotta.<\/p>\n<p>En di\u00e1logo con radio Rivadavia, el funcionario explic\u00f3 que la vuelta a las aulas se concretar\u00e1 &#8220;cuando no haya riesgos para los ni\u00f1os, que no los afecta personalmente pero s\u00ed se transforman en divulgadores de contagios&#8221;.<\/p>\n<p>&#8220;La prioridad es la salud. A las familias y docentes les queremos llevar la tranquilidad de que vamos a volver a las aulas cuando no haya ning\u00fan riesgo para la salud&#8221;, insisti\u00f3.<\/p>\n<p>Sobre el calendario escolar, el ministro dio a entender que la idea es que no se suspendan las vacaciones de invierno, porque &#8220;la sociedad va a necesitar un respiro&#8221; una vez que haya transcurrido la pandemia de coronavirus, y adem\u00e1s para no afectar el turismo interno que es fundamental para la recuperaci\u00f3n de la econom\u00eda.<\/p>\n<p>A prop\u00f3sito de la salida de la vuelta a las clases, revel\u00f3 que el foco central estar\u00e1 puesto en aquellos alumnos que &#8220;terminan el primario y el secundario.<\/p>\n<p>&#8220;Probablemente a los que terminen el secundario tengamos que fortalecer alg\u00fan m\u00f3dulo espec\u00edfico el primer trimestre del a\u00f1o que viene para poder lograr un cierre de su ciclo escolar obligatorio&#8221;, anticip\u00f3.<\/p>\n<p>&#8220;Y con los dem\u00e1s trabajar en el ciclo lectivo siguiente para asegurar las distintas instancias de aprendizaje&#8221;, agreg\u00f3 sobre la necesidad de &#8220;intensificar los procesos de aprendizaje para garantizar todos los saberes\u201d y as\u00ed recuperar el tiempo perdido por la cuarentena.<\/p>\n","protected":false},"excerpt":{"rendered":"<p>El ministro de Educaci\u00f3n sostuvo que todav\u00eda &#8220;tienen que pasar unas semanas m\u00e1s&#8221; para estar en condiciones de determinar una fecha aproximada de &#8220;vuelta a clases&#8221; dado que todav\u00eda es incierta la evoluci\u00f3n que tendr\u00e1 la pandemia &nbsp; &nbsp; &#8220;Uno tiende a ver que tienen que pasar unas semanas todav\u00eda para poder analizar la vuelta a clases. No es una decisi\u00f3n del ministerio sino una decisi\u00f3n epidemiol\u00f3gica, de los especialistas, es una decisi\u00f3n sanitaria&#8221;, recalc\u00f3 Nicol\u00e1s Trotta. En di\u00e1logo con radio Rivadavia, el funcionario explic\u00f3 que la vuelta a las&#8230;<\/p>\n","protected":false},"author":3,"featured_media":57065,"comment_status":"closed","ping_status":"closed","sticky":false,"template":"","format":"standard","meta":[],"categories":[18],"tags":[],"_links":{"self":[{"href":"https:\/\/www.actualidadadiario.com\/index.php\/wp-json\/wp\/v2\/posts\/60471"}],"collection":[{"href":"https:\/\/www.actualidadadiario.com\/index.php\/wp-json\/wp\/v2\/posts"}],"about":[{"href":"https:\/\/www.actualidadadiario.com\/index.php\/wp-json\/wp\/v2\/types\/post"}],"author":[{"embeddable":true,"href":"https:\/\/www.actualidadadiario.com\/index.php\/wp-json\/wp\/v2\/users\/3"}],"replies":[{"embeddable":true,"href":"https:\/\/www.actualidadadiario.com\/index.php\/wp-json\/wp\/v2\/comments?post=60471"}],"version-history":[{"count":1,"href":"https:\/\/www.actualidadadiario.com\/index.php\/wp-json\/wp\/v2\/posts\/60471\/revisions"}],"predecessor-version":[{"id":60472,"href":"https:\/\/www.actualidadadiario.com\/index.php\/wp-json\/wp\/v2\/posts\/60471\/revisions\/60472"}],"wp:featuredmedia":[{"embeddable":true,"href":"https:\/\/www.actualidadadiario.com\/index.php\/wp-json\/wp\/v2\/media\/57065"}],"wp:attachment":[{"href":"https:\/\/www.actualidadadiario.com\/index.php\/wp-json\/wp\/v2\/media?parent=60471"}],"wp:term":[{"taxonomy":"category","embeddable":true,"href":"https:\/\/www.actualidadadiario.com\/index.php\/wp-json\/wp\/v2\/categories?post=60471"},{"taxonomy":"post_tag","embeddable":true,"href":"https:\/\/www.actualidadadiario.com\/index.php\/wp-json\/wp\/v2\/tags?post=60471"}],"curies":[{"name":"wp","href":"https:\/\/api.w.org\/{rel}","templated":true}]}}