{"id":60460,"date":"2020-04-20T13:07:04","date_gmt":"2020-04-20T16:07:04","guid":{"rendered":"https:\/\/www.actualidadadiario.com\/?p=60460"},"modified":"2020-04-20T13:07:04","modified_gmt":"2020-04-20T16:07:04","slug":"el-82-del-total-de-empresas-del-pais-pidieron-ayuda-del-estado","status":"publish","type":"post","link":"https:\/\/www.actualidadadiario.com\/index.php\/2020\/04\/20\/el-82-del-total-de-empresas-del-pais-pidieron-ayuda-del-estado\/","title":{"rendered":"El 82% del total de empresas del pa\u00eds pidieron ayuda del Estado"},"content":{"rendered":"<p style=\"text-align: center;\"><em><strong>La AFIP inform\u00f3, en un comunicado oficial, que m\u00e1s de 420 mil empleadores se inscribieron en el programa de Asistencia de Emergencia para el Trabajo y la Producci\u00f3n<\/strong><\/em><\/p>\n<p>&nbsp;<\/p>\n<p>&nbsp;<\/p>\n<p>M\u00e1s de 420 mil empleadores se registraron en el Programa de Asistencia de Emergencia para el Trabajo y la Producci\u00f3n (ATP). As\u00ed lo inform\u00f3 la AFIP en un comunicado emitido este domingo por la tarde.<\/p>\n<p>En el documento se establece que \u201cfinalizado el proceso de inscripci\u00f3n y carga de informaci\u00f3n econ\u00f3mica, comenz\u00f3 la etapa de evaluaci\u00f3n para determinar cu\u00e1les son los beneficios estatales a los que podr\u00e1 acceder cada empresa. Las herramientas previstas en el programa permitir\u00e1n amortiguar el impacto del aislamiento social preventivo y obligatorio sobre la actividad econ\u00f3mica. Los empleadores que solicitaron asistencia estatal para pagar salarios representan al 82% del total de empresas privadas del pa\u00eds\u201d<\/p>\n<p>\u201cEl Estado argentino realizar\u00e1 un aporte significativo para garantizar el pago de los salarios del sector privado\u201d, expres\u00f3 la titular de la AFIP, Mercedes Marc\u00f3 del Pont. \u201cQuienes solicitaron asistencia estatal son empleadores de todos los sectores. Micro, peque\u00f1as, medianas y grandes empresas podr\u00e1n acceder a los beneficios\u201d, indic\u00f3 la funcionaria. Marc\u00f3 del Pont destac\u00f3 que 7 de cada 10 empleadores registrados ya accedieron a la pr\u00f3rroga por dos meses de las contribuciones patronales correspondientes a marzo que se pagan en abril.<\/p>\n<p>El esfuerzo realizado por el Estado al postergar el pago de las obligaciones ya benefici\u00f3 a 3,4 millones de trabajadores. Los empleadores inscriptos en el programa ATP deben cargar en el sitio web de la AFIP la CBU de sus trabajadores. Tambi\u00e9n tienen que informar el c\u00f3digo del convenio colectivo de trabajo de sus empleados. Las empresas que todav\u00eda no lo hayan hecho, pueden suministrar esos datos en el servicio Simplificaci\u00f3n Registral de la AFIP.<\/p>\n","protected":false},"excerpt":{"rendered":"<p>La AFIP inform\u00f3, en un comunicado oficial, que m\u00e1s de 420 mil empleadores se inscribieron en el programa de Asistencia de Emergencia para el Trabajo y la Producci\u00f3n &nbsp; &nbsp; M\u00e1s de 420 mil empleadores se registraron en el Programa de Asistencia de Emergencia para el Trabajo y la Producci\u00f3n (ATP). As\u00ed lo inform\u00f3 la AFIP en un comunicado emitido este domingo por la tarde. En el documento se establece que \u201cfinalizado el proceso de inscripci\u00f3n y carga de informaci\u00f3n econ\u00f3mica, comenz\u00f3 la etapa de evaluaci\u00f3n para determinar cu\u00e1les son&#8230;<\/p>\n","protected":false},"author":3,"featured_media":60461,"comment_status":"closed","ping_status":"closed","sticky":false,"template":"","format":"standard","meta":[],"categories":[2],"tags":[],"_links":{"self":[{"href":"https:\/\/www.actualidadadiario.com\/index.php\/wp-json\/wp\/v2\/posts\/60460"}],"collection":[{"href":"https:\/\/www.actualidadadiario.com\/index.php\/wp-json\/wp\/v2\/posts"}],"about":[{"href":"https:\/\/www.actualidadadiario.com\/index.php\/wp-json\/wp\/v2\/types\/post"}],"author":[{"embeddable":true,"href":"https:\/\/www.actualidadadiario.com\/index.php\/wp-json\/wp\/v2\/users\/3"}],"replies":[{"embeddable":true,"href":"https:\/\/www.actualidadadiario.com\/index.php\/wp-json\/wp\/v2\/comments?post=60460"}],"version-history":[{"count":1,"href":"https:\/\/www.actualidadadiario.com\/index.php\/wp-json\/wp\/v2\/posts\/60460\/revisions"}],"predecessor-version":[{"id":60462,"href":"https:\/\/www.actualidadadiario.com\/index.php\/wp-json\/wp\/v2\/posts\/60460\/revisions\/60462"}],"wp:featuredmedia":[{"embeddable":true,"href":"https:\/\/www.actualidadadiario.com\/index.php\/wp-json\/wp\/v2\/media\/60461"}],"wp:attachment":[{"href":"https:\/\/www.actualidadadiario.com\/index.php\/wp-json\/wp\/v2\/media?parent=60460"}],"wp:term":[{"taxonomy":"category","embeddable":true,"href":"https:\/\/www.actualidadadiario.com\/index.php\/wp-json\/wp\/v2\/categories?post=60460"},{"taxonomy":"post_tag","embeddable":true,"href":"https:\/\/www.actualidadadiario.com\/index.php\/wp-json\/wp\/v2\/tags?post=60460"}],"curies":[{"name":"wp","href":"https:\/\/api.w.org\/{rel}","templated":true}]}}