{"id":60458,"date":"2020-04-20T13:06:22","date_gmt":"2020-04-20T16:06:22","guid":{"rendered":"https:\/\/www.actualidadadiario.com\/?p=60458"},"modified":"2020-04-20T13:06:22","modified_gmt":"2020-04-20T16:06:22","slug":"la-demanda-de-electricidad-de-las-industrias-cayo-74-en-marzo","status":"publish","type":"post","link":"https:\/\/www.actualidadadiario.com\/index.php\/2020\/04\/20\/la-demanda-de-electricidad-de-las-industrias-cayo-74-en-marzo\/","title":{"rendered":"La demanda de electricidad de las industrias cay\u00f3 7,4% en marzo"},"content":{"rendered":"<p style=\"text-align: center;\"><em><strong>El dato marca el fuerte derrumbe de la actividad. Abril ser\u00e1 peor. El sector fabril produce el 24% de lo normal por cada d\u00eda h\u00e1bil durante la cuarentena obligatoria<\/strong><\/em><\/p>\n<p>&nbsp;<\/p>\n<p>&nbsp;<\/p>\n<p>Primera se\u00f1al clara de lo que ser\u00e1 el nuevo derrumbe industrial: durante marzo, la demanda de energ\u00eda el\u00e9ctrica por parte del sector fabril cay\u00f3 7,4% respecto al mismo mes del 2019. Para colmo, la comparaci\u00f3n esconde que marzo del a\u00f1o pasado fue un p\u00e9simo mes en materia de producci\u00f3n manufacturera. Si se cruza contra marzo del 2018 se observa que la contracci\u00f3n fue de 16,6%. Con &#8220;s\u00f3lo&#8221; 11 d\u00edas de cuarentena, el dato deja abierto el interrogante de cu\u00e1n grave ser\u00e1 el desplome de abril.<\/p>\n<p>Los n\u00fameros fueron publicados por Cammesa: en marzo hubo un boom en la demanda de electricidad de los hogares, con una suba de 10,6% respecto al mismo mes del 2019, justo antes del congelamiento tarifario. Para las empresas el camino es el opuesto. Seg\u00fan c\u00e1lculos de la UIA, el sector fabril produce el 24% de lo normal por cada d\u00eda h\u00e1bil durante la cuarentena obligatoria. Las m\u00e1quinas industriales terminaron marzo relativamente apagadas y en abril eso se extendi\u00f3 por la totalidad del mes.<\/p>\n<p>En marzo, por citar ejemplos, la producci\u00f3n de acero crudo cay\u00f3 26,7% interanual y 29,1% en la comparaci\u00f3n con febrero. La de autom\u00f3viles baj\u00f3 34,4% interanual y 37,2% versus febrero. Por cada d\u00eda h\u00e1bil con el 69,1% de las f\u00e1bricas paradas (seg\u00fan el Indec los rubros esenciales dentro del sector tienen esa participaci\u00f3n sobre el total), se pierde un valor agregado de $8.668 millones, seg\u00fan los c\u00e1lculos de la UIA. De ah\u00ed se obtiene que la ca\u00edda productiva diaria es de 76%.<\/p>\n<p>El director del Centro de Estudios de la UIA, Pablo Drag\u00fan, dijo: &#8220;Abril va a ser peor. La industria va a operar en niveles in\u00e9ditos, porque es un problema de oferta y no de demanda; no se vio ni siquiera en el 2002. Esperemos que en alg\u00fan momento podamos salir bien de esto, sanitaria y productivamente&#8221;.<\/p>\n<p>El desplome productivo que se viene observando podr\u00e1 tener fuerte impacto en el empleo. Un informe publicado este domingo por Ecolatina afirm\u00f3 que 9.300.000 puestos de trabajo est\u00e1n en situaci\u00f3n de alto riesgo. Se trata de los puestos en negro o cuentapropistas, que no est\u00e1n alcanzados por los programas oficiales de sost\u00e9n a las empresas para que logren pagar salarios. Las pyme no esenciales, por su parte, son las que le siguen en riesgo.<\/p>\n<p>Este domingo Afip afirm\u00f3 que &#8220;m\u00e1s de 420.000 empleadores se registraron en el programa de Asistencia de Emergencia para el Trabajo y la Producci\u00f3n (ATP)&#8221;, el esfuerzo oficial por sostener a la oferta durante la crisis. Brinda la suspensi\u00f3n de dos meses del pago de aportes patronales, otorga descuentos de hasta 95% para el mismo concepto y ofrece ayudas monetarias para el pago de salarios.<\/p>\n<p>La industria llega con problemas extra: en los \u00faltimos cuatro a\u00f1os, 15 de sus 16 rubros reflejaron ca\u00eddas, seg\u00fan la Undav. Una baja acumulada de 13,5% para todo el sector, durante Cambiemos.<\/p>\n","protected":false},"excerpt":{"rendered":"<p>El dato marca el fuerte derrumbe de la actividad. Abril ser\u00e1 peor. El sector fabril produce el 24% de lo normal por cada d\u00eda h\u00e1bil durante la cuarentena obligatoria &nbsp; &nbsp; Primera se\u00f1al clara de lo que ser\u00e1 el nuevo derrumbe industrial: durante marzo, la demanda de energ\u00eda el\u00e9ctrica por parte del sector fabril cay\u00f3 7,4% respecto al mismo mes del 2019. Para colmo, la comparaci\u00f3n esconde que marzo del a\u00f1o pasado fue un p\u00e9simo mes en materia de producci\u00f3n manufacturera. Si se cruza contra marzo del 2018 se observa&#8230;<\/p>\n","protected":false},"author":3,"featured_media":47505,"comment_status":"closed","ping_status":"closed","sticky":false,"template":"","format":"standard","meta":[],"categories":[2],"tags":[],"_links":{"self":[{"href":"https:\/\/www.actualidadadiario.com\/index.php\/wp-json\/wp\/v2\/posts\/60458"}],"collection":[{"href":"https:\/\/www.actualidadadiario.com\/index.php\/wp-json\/wp\/v2\/posts"}],"about":[{"href":"https:\/\/www.actualidadadiario.com\/index.php\/wp-json\/wp\/v2\/types\/post"}],"author":[{"embeddable":true,"href":"https:\/\/www.actualidadadiario.com\/index.php\/wp-json\/wp\/v2\/users\/3"}],"replies":[{"embeddable":true,"href":"https:\/\/www.actualidadadiario.com\/index.php\/wp-json\/wp\/v2\/comments?post=60458"}],"version-history":[{"count":1,"href":"https:\/\/www.actualidadadiario.com\/index.php\/wp-json\/wp\/v2\/posts\/60458\/revisions"}],"predecessor-version":[{"id":60459,"href":"https:\/\/www.actualidadadiario.com\/index.php\/wp-json\/wp\/v2\/posts\/60458\/revisions\/60459"}],"wp:featuredmedia":[{"embeddable":true,"href":"https:\/\/www.actualidadadiario.com\/index.php\/wp-json\/wp\/v2\/media\/47505"}],"wp:attachment":[{"href":"https:\/\/www.actualidadadiario.com\/index.php\/wp-json\/wp\/v2\/media?parent=60458"}],"wp:term":[{"taxonomy":"category","embeddable":true,"href":"https:\/\/www.actualidadadiario.com\/index.php\/wp-json\/wp\/v2\/categories?post=60458"},{"taxonomy":"post_tag","embeddable":true,"href":"https:\/\/www.actualidadadiario.com\/index.php\/wp-json\/wp\/v2\/tags?post=60458"}],"curies":[{"name":"wp","href":"https:\/\/api.w.org\/{rel}","templated":true}]}}