{"id":60449,"date":"2020-04-20T13:03:56","date_gmt":"2020-04-20T16:03:56","guid":{"rendered":"https:\/\/www.actualidadadiario.com\/?p=60449"},"modified":"2020-04-20T13:03:56","modified_gmt":"2020-04-20T16:03:56","slug":"alberto-pidio-no-relajarse-porque-el-problema-esta-muy-lejos-de-terminarse","status":"publish","type":"post","link":"https:\/\/www.actualidadadiario.com\/index.php\/2020\/04\/20\/alberto-pidio-no-relajarse-porque-el-problema-esta-muy-lejos-de-terminarse\/","title":{"rendered":"Alberto pidi\u00f3 no relajarse &#8220;porque el problema est\u00e1 muy lejos de terminarse&#8221;"},"content":{"rendered":"<p style=\"text-align: center;\"><em><strong>El Presidente agradeci\u00f3 el respaldo de la sociedad, y resalt\u00f3 que &#8220;ha entendido que estamos en situaci\u00f3n de emergencia&#8221;. Pidi\u00f3 que s\u00f3lo salgan a la calle &#8220;aquellos que est\u00e1n habilitados para hacerlo&#8221;<\/strong><\/em><\/p>\n<p>&nbsp;<\/p>\n<p>&nbsp;<\/p>\n<p>El presidente Alberto Fern\u00e1ndez asegur\u00f3 que se siente &#8220;acompa\u00f1ado por la sociedad y la dirigencia&#8221; en el marco de &#8220;la situaci\u00f3n de emergencia&#8221; en la que puso al pa\u00eds la pandemia de coronavirus y valor\u00f3 el &#8220;esfuerzo&#8221; que se hace para mantener el &#8220;nivel de acatamiento de la cuarentena, que es muy alto&#8221;, pero pidi\u00f3 no &#8220;relajarse&#8221; porque &#8220;el problema est\u00e1 muy lejos de terminarse&#8221;.<\/p>\n<p>En declaraciones a La Voz del Interior, el jefe de Estado advirti\u00f3 que &#8220;cuando uno dice que pareciera que va yendo bien&#8221; la batalla que se le est\u00e1 dando a la pandemia para mitigar su propagaci\u00f3n, no quiere decir que la gente &#8220;se relaje y sienta que el problema est\u00e1 terminado&#8221;.<\/p>\n<p>&#8220;El problema est\u00e1 muy lejos de terminarse&#8221;, dej\u00f3 claro el mandatario, que pidi\u00f3 que &#8220;salgan a la calle aquellos que est\u00e1n habilitados para hacerlo&#8221; y que se mantengan adentro de sus casas el resto, &#8220;fundamentalmente los adultos mayores&#8221;, teniendo en cuenta que &#8220;el 85% de los afectados son mayores de 65 a\u00f1os&#8221;.<\/p>\n<p>&#8220;Yo me siento muy acompa\u00f1ado, siento que la sociedad nos est\u00e1 acompa\u00f1ado claramente. Ha entendido que estamos viviendo una situaci\u00f3n de emergencia y una situaci\u00f3n dram\u00e1tica. A partir de eso todos necesitamos unir esfuerzos&#8221;, indic\u00f3 Fern\u00e1ndez al evaluar &#8220;muy alto&#8221; grado de acatamiento del aislamiento social, preventivo y obligatorio dispuesto por un decreto de necesidad y urgencia (DNU) del 20 de marzo.<\/p>\n<p>Tambi\u00e9n destac\u00f3 el hecho de que &#8220;frente a una crisis de esta magnitud&#8221; todos est\u00e9n &#8220;tirando para el mismo lado&#8221;, aunque dej\u00f3 claro que esto no deber\u00eda verse como &#8220;una excepcionalidad&#8221;, sino como algo natural.<\/p>\n","protected":false},"excerpt":{"rendered":"<p>El Presidente agradeci\u00f3 el respaldo de la sociedad, y resalt\u00f3 que &#8220;ha entendido que estamos en situaci\u00f3n de emergencia&#8221;. Pidi\u00f3 que s\u00f3lo salgan a la calle &#8220;aquellos que est\u00e1n habilitados para hacerlo&#8221; &nbsp; &nbsp; El presidente Alberto Fern\u00e1ndez asegur\u00f3 que se siente &#8220;acompa\u00f1ado por la sociedad y la dirigencia&#8221; en el marco de &#8220;la situaci\u00f3n de emergencia&#8221; en la que puso al pa\u00eds la pandemia de coronavirus y valor\u00f3 el &#8220;esfuerzo&#8221; que se hace para mantener el &#8220;nivel de acatamiento de la cuarentena, que es muy alto&#8221;, pero pidi\u00f3 no&#8230;<\/p>\n","protected":false},"author":3,"featured_media":60450,"comment_status":"closed","ping_status":"closed","sticky":false,"template":"","format":"standard","meta":[],"categories":[9],"tags":[],"_links":{"self":[{"href":"https:\/\/www.actualidadadiario.com\/index.php\/wp-json\/wp\/v2\/posts\/60449"}],"collection":[{"href":"https:\/\/www.actualidadadiario.com\/index.php\/wp-json\/wp\/v2\/posts"}],"about":[{"href":"https:\/\/www.actualidadadiario.com\/index.php\/wp-json\/wp\/v2\/types\/post"}],"author":[{"embeddable":true,"href":"https:\/\/www.actualidadadiario.com\/index.php\/wp-json\/wp\/v2\/users\/3"}],"replies":[{"embeddable":true,"href":"https:\/\/www.actualidadadiario.com\/index.php\/wp-json\/wp\/v2\/comments?post=60449"}],"version-history":[{"count":1,"href":"https:\/\/www.actualidadadiario.com\/index.php\/wp-json\/wp\/v2\/posts\/60449\/revisions"}],"predecessor-version":[{"id":60451,"href":"https:\/\/www.actualidadadiario.com\/index.php\/wp-json\/wp\/v2\/posts\/60449\/revisions\/60451"}],"wp:featuredmedia":[{"embeddable":true,"href":"https:\/\/www.actualidadadiario.com\/index.php\/wp-json\/wp\/v2\/media\/60450"}],"wp:attachment":[{"href":"https:\/\/www.actualidadadiario.com\/index.php\/wp-json\/wp\/v2\/media?parent=60449"}],"wp:term":[{"taxonomy":"category","embeddable":true,"href":"https:\/\/www.actualidadadiario.com\/index.php\/wp-json\/wp\/v2\/categories?post=60449"},{"taxonomy":"post_tag","embeddable":true,"href":"https:\/\/www.actualidadadiario.com\/index.php\/wp-json\/wp\/v2\/tags?post=60449"}],"curies":[{"name":"wp","href":"https:\/\/api.w.org\/{rel}","templated":true}]}}