{"id":60443,"date":"2020-04-20T13:02:02","date_gmt":"2020-04-20T16:02:02","guid":{"rendered":"https:\/\/www.actualidadadiario.com\/?p=60443"},"modified":"2020-04-20T13:02:02","modified_gmt":"2020-04-20T16:02:02","slug":"el-movimiento-social-entrerriano-se-despega-de-la-ucr-y-apoya-las-sesiones-a-distancia","status":"publish","type":"post","link":"https:\/\/www.actualidadadiario.com\/index.php\/2020\/04\/20\/el-movimiento-social-entrerriano-se-despega-de-la-ucr-y-apoya-las-sesiones-a-distancia\/","title":{"rendered":"El Movimiento Social Entrerriano se despega de la UCR y apoya las sesiones a distancia"},"content":{"rendered":"<p style=\"text-align: center;\"><em><strong>El diputado provincial Juan Domingo Zacar\u00edas (Movimiento Social Entrerriano \u2013 Juntos por el Cambio), asegur\u00f3 que sigue \u201cfirme\u201d en la idea de que las sesiones de la Legislatura provincial no deben ser presenciales. \u201cTenemos que dar el ejemplo a la sociedad\u201d, sostuvo, tras recordar que la idea fue presentada por el interbloque de Juntos por el Cambio al Gobierno<\/strong><\/em><\/p>\n<p>&nbsp;<\/p>\n<p>&nbsp;<\/p>\n<p>\u201cSigo firme en esa idea\u201d, indic\u00f3 el legislador al referirse a la posibilidad de que las c\u00e1maras legislativas funcionen a distancia o de modo semipresencial. Esta idea hab\u00eda sido rechazada por el Comit\u00e9 provincial del radicalismo, partido que junto al PRO y al MSE integran el interbloque de Juntos por el Cambio.<\/p>\n<p>\u201cSi algo no podemos hacer, es contradecir las directivas del Gobierno nacional y provincial a trav\u00e9s del Ministerio de Salud\u201d, sostuvo en declaraciones al programa \u201cBuen D\u00eda\u201d (FM Litoral).<\/p>\n<p>A la propuesta de sesionar a distancia \u201cla hicimos nosotros, el interbloque de Juntos por el Cambio\u201d, record\u00f3. Fue \u201cdurante el mes de marzo, en una reuni\u00f3n que mantuvimos con el presidente de la C\u00e1mara de Diputados (\u00c1ngel Giano) y el Gobernador\u201d Gustavo Bordet, mencion\u00f3. \u201cNo hay motivo para cambiarla\u201d, acot\u00f3.<\/p>\n<p>La iniciativa preve\u00eda que los presidentes de los bloques est\u00e9n presentes en el recinto junto con las autoridades de la C\u00e1mara y, a trav\u00e9s de videoconferencia, los dem\u00e1s legisladores, detall\u00f3.<\/p>\n<p>\u201cFue aceptada un\u00e1nimemente\u201d, rememor\u00f3, trayendo a colaci\u00f3n la experiencia que de Mendoza, provincia gobernada por el radicalismo, donde a trav\u00e9s de una sesi\u00f3n virtual se vot\u00f3 la ley de emergencia.<\/p>\n<p>\u201cTenemos que hacerle saber a la sociedad que como funcionarios p\u00fablicos somos los primeros que tenemos que dar el ejemplo. La sociedad nos est\u00e1 dando el ejemplo a nosotros: hay comercios cerrados, trabajadores sin trabajo, personas que no pueden pagar sus tributos, chicos que no pueden ir a la escuela, madres enfermeras o polic\u00edas que no tienen d\u00f3nde dejar sus hijos\u201d, detall\u00f3.<\/p>\n<p>\u201cLa mayor\u00eda de los legisladores viven en otros lugares de la provincia, tienen que viajar, junto con sus colaboradores, tiene que estar el personal de la C\u00e1mara\u201d, describi\u00f3. No cumplir con la cuarentena \u201cser\u00eda dar el mismo ejemplo que da (el presidente de Brasil, Jair) Bolsonaro, que se expone ante la opini\u00f3n p\u00fablica\u201d, mencion\u00f3.<\/p>\n<p>\u201cMe llama la atenci\u00f3n que, por un lado, el Comit\u00e9 radical provincial est\u00e1 sesionando a trav\u00e9s de videoconferencia, en una de ellas se tom\u00f3 la resoluci\u00f3n y sin embargo, pide a la Legislatura y al Poder Judicial que trabajen a pleno\u201d, resalt\u00f3.<\/p>\n<p>Zacar\u00edas propuso medidas para compensar la situaci\u00f3n actual: \u201cEn julio, no tomemos vacaciones y en diciembre y enero trabajemos normalmente para cumplir con los d\u00edas correspondientes al a\u00f1o 2020\u201d, cit\u00f3.<\/p>\n","protected":false},"excerpt":{"rendered":"<p>El diputado provincial Juan Domingo Zacar\u00edas (Movimiento Social Entrerriano \u2013 Juntos por el Cambio), asegur\u00f3 que sigue \u201cfirme\u201d en la idea de que las sesiones de la Legislatura provincial no deben ser presenciales. \u201cTenemos que dar el ejemplo a la sociedad\u201d, sostuvo, tras recordar que la idea fue presentada por el interbloque de Juntos por el Cambio al Gobierno &nbsp; &nbsp; \u201cSigo firme en esa idea\u201d, indic\u00f3 el legislador al referirse a la posibilidad de que las c\u00e1maras legislativas funcionen a distancia o de modo semipresencial. Esta idea hab\u00eda sido&#8230;<\/p>\n","protected":false},"author":3,"featured_media":60444,"comment_status":"closed","ping_status":"closed","sticky":false,"template":"","format":"standard","meta":[],"categories":[15],"tags":[],"_links":{"self":[{"href":"https:\/\/www.actualidadadiario.com\/index.php\/wp-json\/wp\/v2\/posts\/60443"}],"collection":[{"href":"https:\/\/www.actualidadadiario.com\/index.php\/wp-json\/wp\/v2\/posts"}],"about":[{"href":"https:\/\/www.actualidadadiario.com\/index.php\/wp-json\/wp\/v2\/types\/post"}],"author":[{"embeddable":true,"href":"https:\/\/www.actualidadadiario.com\/index.php\/wp-json\/wp\/v2\/users\/3"}],"replies":[{"embeddable":true,"href":"https:\/\/www.actualidadadiario.com\/index.php\/wp-json\/wp\/v2\/comments?post=60443"}],"version-history":[{"count":1,"href":"https:\/\/www.actualidadadiario.com\/index.php\/wp-json\/wp\/v2\/posts\/60443\/revisions"}],"predecessor-version":[{"id":60445,"href":"https:\/\/www.actualidadadiario.com\/index.php\/wp-json\/wp\/v2\/posts\/60443\/revisions\/60445"}],"wp:featuredmedia":[{"embeddable":true,"href":"https:\/\/www.actualidadadiario.com\/index.php\/wp-json\/wp\/v2\/media\/60444"}],"wp:attachment":[{"href":"https:\/\/www.actualidadadiario.com\/index.php\/wp-json\/wp\/v2\/media?parent=60443"}],"wp:term":[{"taxonomy":"category","embeddable":true,"href":"https:\/\/www.actualidadadiario.com\/index.php\/wp-json\/wp\/v2\/categories?post=60443"},{"taxonomy":"post_tag","embeddable":true,"href":"https:\/\/www.actualidadadiario.com\/index.php\/wp-json\/wp\/v2\/tags?post=60443"}],"curies":[{"name":"wp","href":"https:\/\/api.w.org\/{rel}","templated":true}]}}