{"id":60440,"date":"2020-04-20T13:01:01","date_gmt":"2020-04-20T16:01:01","guid":{"rendered":"https:\/\/www.actualidadadiario.com\/?p=60440"},"modified":"2020-04-20T13:01:01","modified_gmt":"2020-04-20T16:01:01","slug":"senado-publican-hoy-antecedentes-del-presidente-y-vocales-del-consejo-general-de-educacion","status":"publish","type":"post","link":"https:\/\/www.actualidadadiario.com\/index.php\/2020\/04\/20\/senado-publican-hoy-antecedentes-del-presidente-y-vocales-del-consejo-general-de-educacion\/","title":{"rendered":"Senado: publican hoy antecedentes del presidente y vocales del Consejo General de Educaci\u00f3n"},"content":{"rendered":"<p style=\"text-align: center;\"><em><strong>El presidente de la Comisi\u00f3n de Asuntos Constitucionales y Acuerdos del Senado, Horacio Amavet (FJ Creer \u2013 Uruguay), orden\u00f3 la publicaci\u00f3n y puesta a consideraci\u00f3n de la ciudadan\u00eda entrerriana de los nombres y antecedentes de quienes han sido propuestos por el Poder Ejecutivo provincial para ocupar los cargos de conducci\u00f3n en el Consejo General de Educaci\u00f3n, lo que se hab\u00eda determinado en la \u00faltima reuni\u00f3n de la comisi\u00f3n<\/strong><\/em><\/p>\n<p>&nbsp;<\/p>\n<p>&nbsp;<\/p>\n<p>Cabe se\u00f1alar que para llevar adelante el ejercicio pleno de esas funciones se requiere del Acuerdo del Senado, tal como se indica en el art\u00edculo 103 inciso 2 de la Constituci\u00f3n Provincial.<\/p>\n<p>El Poder Ejecutivo envi\u00f3 las solicitudes para que el profesor Mart\u00edn Conrado M\u00fcller, ocupe el cargo de Director General de Escuelas de la Provincia de Entre R\u00edos (titular del CGE), y para que los profesores Humberto Javier Jos\u00e9, Exequiel Carlos Dami\u00e1n Coronoffo y Griselda Mercedes Di Lello, sean Vocales del organismo de conducci\u00f3n de la Educaci\u00f3n Provincial.<\/p>\n<p>Los expedientes tomaron estado parlamentario y fueron girados a la comisi\u00f3n de Asuntos Constitucionales que preside Amavet en la primera y segunda sesi\u00f3n ordinaria de este a\u00f1o.<\/p>\n<p>Posteriormente la comisi\u00f3n se reuni\u00f3 y dispuso iniciar el proceso previsto en el art\u00edculo 19 del Reglamento del Senado.<\/p>\n<p>En este marco, hoy y ma\u00f1ana, se hace la publicaci\u00f3n de los nombres de estos ciudadanos a trav\u00e9s de medios de alcance provincial.<\/p>\n<p>&nbsp;<\/p>\n<p><strong>Consulta de antecedentes<\/strong><\/p>\n<p>Todos los datos filiatorios y antecedentes curriculares de los propuestos, que son parte del expediente, pueden ser consultados a trav\u00e9s de la p\u00e1gina web de la C\u00e1mara Alta: www.senadoer.gob.ar.<\/p>\n<p>Tambi\u00e9n esta documental es publicada en el Bolet\u00edn Oficial de la Provincia de los d\u00edas lunes 20\/04\/2020 y martes 21\/04\/2020.<\/p>\n<p>&nbsp;<\/p>\n<p><strong>Adhesiones y observaciones ciudadanas<\/strong><\/p>\n<p>A partir del 22 de abril y por el espacio de diez d\u00edas h\u00e1biles, todos aquellos entrerrianos que lo crean necesario, pueden presentar adhesiones u observaciones sobre cualquiera de los candidatos propuestos por el Poder Ejecutivo.<\/p>\n<p>Lo deber\u00e1n hacer por escrito a trav\u00e9s de la Mesa de Entradas de la C\u00e1mara de Senadores (que contin\u00faa funcionando durante el per\u00edodo de cuarentena), de lunes a viernes en el horario de 9 a 12 horas.<\/p>\n<p>&nbsp;<\/p>\n<p><strong>Por canales electr\u00f3nicos<\/strong><\/p>\n<p>Estas adhesiones e impugnaciones tambi\u00e9n podr\u00e1n ser presentadas a trav\u00e9s de Correo Electr\u00f3nico (formato PDF) dirigido a la Comisi\u00f3n de Asuntos Constitucionales del Senado (el mismo plazo, esto es diez d\u00edas desde el 22 de abril), a la siguiente direcci\u00f3n: comisiones_ferrutti@mailsenadoer.gob.ar<\/p>\n","protected":false},"excerpt":{"rendered":"<p>El presidente de la Comisi\u00f3n de Asuntos Constitucionales y Acuerdos del Senado, Horacio Amavet (FJ Creer \u2013 Uruguay), orden\u00f3 la publicaci\u00f3n y puesta a consideraci\u00f3n de la ciudadan\u00eda entrerriana de los nombres y antecedentes de quienes han sido propuestos por el Poder Ejecutivo provincial para ocupar los cargos de conducci\u00f3n en el Consejo General de Educaci\u00f3n, lo que se hab\u00eda determinado en la \u00faltima reuni\u00f3n de la comisi\u00f3n &nbsp; &nbsp; Cabe se\u00f1alar que para llevar adelante el ejercicio pleno de esas funciones se requiere del Acuerdo del Senado, tal como&#8230;<\/p>\n","protected":false},"author":3,"featured_media":60441,"comment_status":"closed","ping_status":"closed","sticky":false,"template":"","format":"standard","meta":[],"categories":[15],"tags":[],"_links":{"self":[{"href":"https:\/\/www.actualidadadiario.com\/index.php\/wp-json\/wp\/v2\/posts\/60440"}],"collection":[{"href":"https:\/\/www.actualidadadiario.com\/index.php\/wp-json\/wp\/v2\/posts"}],"about":[{"href":"https:\/\/www.actualidadadiario.com\/index.php\/wp-json\/wp\/v2\/types\/post"}],"author":[{"embeddable":true,"href":"https:\/\/www.actualidadadiario.com\/index.php\/wp-json\/wp\/v2\/users\/3"}],"replies":[{"embeddable":true,"href":"https:\/\/www.actualidadadiario.com\/index.php\/wp-json\/wp\/v2\/comments?post=60440"}],"version-history":[{"count":1,"href":"https:\/\/www.actualidadadiario.com\/index.php\/wp-json\/wp\/v2\/posts\/60440\/revisions"}],"predecessor-version":[{"id":60442,"href":"https:\/\/www.actualidadadiario.com\/index.php\/wp-json\/wp\/v2\/posts\/60440\/revisions\/60442"}],"wp:featuredmedia":[{"embeddable":true,"href":"https:\/\/www.actualidadadiario.com\/index.php\/wp-json\/wp\/v2\/media\/60441"}],"wp:attachment":[{"href":"https:\/\/www.actualidadadiario.com\/index.php\/wp-json\/wp\/v2\/media?parent=60440"}],"wp:term":[{"taxonomy":"category","embeddable":true,"href":"https:\/\/www.actualidadadiario.com\/index.php\/wp-json\/wp\/v2\/categories?post=60440"},{"taxonomy":"post_tag","embeddable":true,"href":"https:\/\/www.actualidadadiario.com\/index.php\/wp-json\/wp\/v2\/tags?post=60440"}],"curies":[{"name":"wp","href":"https:\/\/api.w.org\/{rel}","templated":true}]}}