{"id":60437,"date":"2020-04-20T13:00:07","date_gmt":"2020-04-20T16:00:07","guid":{"rendered":"https:\/\/www.actualidadadiario.com\/?p=60437"},"modified":"2020-04-20T13:00:07","modified_gmt":"2020-04-20T16:00:07","slug":"sesiona-diputados-con-las-autoridades-en-forma-presencial-y-los-legisladores-de-modo-virtual","status":"publish","type":"post","link":"https:\/\/www.actualidadadiario.com\/index.php\/2020\/04\/20\/sesiona-diputados-con-las-autoridades-en-forma-presencial-y-los-legisladores-de-modo-virtual\/","title":{"rendered":"Sesiona Diputados con las autoridades en forma presencial y los legisladores de modo virtual"},"content":{"rendered":"<p style=\"text-align: center;\"><em><strong>La C\u00e1mara de Diputados est\u00e1 convocada a sesionar esta semana. Lo har\u00e1n\u00a0 de manera presencial las autoridades y presidentes de Bloques, mientras que las diputadas y diputados de modo virtual, dando cumplimiento a las recomendaciones sanitarias en el marco del aislamiento social y obligatorio<\/strong><\/em><\/p>\n<p>&nbsp;<\/p>\n<p>&nbsp;<\/p>\n<p>De este modo se evitar\u00eda la transmisi\u00f3n potencial del virus al\u00a0 encontrarse m\u00e1s de 60 personas en un mismo espacio f\u00edsico y tambi\u00e9n porque se evita el tr\u00e1nsito y traslado de m\u00e1s personas desde distintos lugares de la provincia para a concurrir a la sesi\u00f3n, que ser\u00eda, en principio, el jueves.<\/p>\n<p>\u201cEn la reuni\u00f3n de trabajo que mantuvimos el 8 de abril con los presidentes de los Bloques decidimos sesionar esta semana, si pod\u00edamos de manera presencial, sino en forma mixta\u201d as\u00ed lo inform\u00f3 el presidente del \u00f3rgano legislativo, \u00c1ngel Giano, quien destac\u00f3 el acuerdo alcanzado con los jefes de todos los bloques, en las reuniones que han mantenido desde el inicio de la cuarentena y el acompa\u00f1amiento de las diputadas y diputados para poder cumplir con la \u00fanica actividad legislativa que no se hab\u00eda podido desarrollar hasta el momento por la cuarentena.<\/p>\n<p>\u201cVamos a cumplir con las disposiciones establecidas por las autoridades tanto a nivel nacional como provincial\u201d, se\u00f1al\u00f3 el presidente de la C\u00e1mara Baja, quien asegur\u00f3 que si bien la sesi\u00f3n presencial hubiera sido lo ideal, \u201cestamos transitando una hist\u00f3rica situaci\u00f3n; no hay un manual escrito, no hay antecedentes\u201d indic\u00f3.<\/p>\n<p>Giano explic\u00f3 que para agotar las instancias y analizar las distintas alternativas para sesionar, se consult\u00f3 a distintos organismos, entre ellos a las autoridades del Ministerio de Salud de la Provincia, en particular al doctor Garcilazo \u201cque es uno de los especialistas que asesora en la materia y quien desaconsej\u00f3 la reuni\u00f3n presencial, porque una reuni\u00f3n con m\u00e1s de 60 personas \u2013autoridades, diputadas y diputados, asesores, taqu\u00edgrafos, personal administrativo, entre otras personas- potenciar\u00eda el riesgo de contagio\u201d sostuvo Giano con el riesgo que conlleva trasladarse desde distintos puntos de la provincia. De all\u00ed que se haya descartado la posibilidad de utilizar el recinto de la C\u00e1mara ya que el espacio no permite cumplir con las pautas de distanciamiento social requerido, y otros espacios se encuentran alcanzados por los decretos que proh\u00edben las reuniones masivas.<\/p>\n<p>En la reuni\u00f3n con los jefes de bancadas se resolvi\u00f3 que la sesi\u00f3n que se realizar\u00e1 esta semana solo contar\u00e1 con la participaci\u00f3n de \u00e9stos, las autoridades de la C\u00e1mara, as\u00ed como integrantes de los equipos t\u00e9cnicos que trabajan para poder realizar la transmisi\u00f3n, mientras que las diputadas y diputados lo har\u00e1n de manera virtual al igual que dem\u00e1s trabajadores y asesores, para lo cual se est\u00e1 elaborando un protocolo para incluir en el reglamento de la C\u00e1mara para este contexto extraordinario.<\/p>\n<p>&nbsp;<\/p>\n<p><strong>Trabajo legislativo<\/strong><\/p>\n<p>\u201cLa C\u00e1mara de Diputados no ha parado de trabajar, lo hemos hecho de manera sostenida desde que empez\u00f3 el aislamiento preventivo social obligatorio, tanto en reuniones con jefes de bloques, como en las dos conferencias virtuales que hicimos con el gobernador de la provincia y autoridades del gabinete por m\u00e1s de seis horas\u201d remarc\u00f3 Giano y detall\u00f3 el trabajo que el \u00f3rgano legislativo viene realizando desde el inicio de la cuarentena, con la creaci\u00f3n de 23\u00a0 comisiones de trabajo \u2013antes eran 11-\u00a0 y la integraci\u00f3n de las mismas, la redistribuci\u00f3n los proyectos en relaci\u00f3n a esta nueva configuraci\u00f3n y el inici\u00f3 el trabajo de \u00e9stas en el an\u00e1lisis y debate de los proyectos a trav\u00e9s de una plataforma que desarrollaron trabajadores de la C\u00e1mara a la cual se le incorpor\u00f3 las videoconferencias, para lo cual se contrat\u00f3 la licencia para el uso de esta herramienta.<\/p>\n<p>Adem\u00e1s Giano ponder\u00f3 el trabajo que cada legislador y legisladora realiza en la redacci\u00f3n de proyectos, as\u00ed como la tarea que est\u00e1n haciendo en sus respectivas localidades, integrando los comit\u00e9s, acompa\u00f1ando a sus municipios, a su gente en numerosas gestiones.<\/p>\n<p>El presidente de la C\u00e1mara dijo que en contacto telef\u00f3nico permanente con las y los diputados hemos estado analizando la forma de dar continuidad y tramitar la tarea legislativa, as\u00ed como tambi\u00e9n la manera de sesionar, \u201cpor eso para este momento tan particular que nos atraviesa como es esta pandemia, trabajamos en la organizaci\u00f3n de este encuentro semipresencial y en la elaboraci\u00f3n de una normativa que regule lo que ser\u00e1 la primera sesi\u00f3n virtual en la historia de la C\u00e1mara de Diputados\u201d.<\/p>\n<p>\u201cVamos a cumplir responsablemente con las indicaciones que nos han formulado y con las disposiciones de los decretos provincial y nacional, por eso hemos definido dictar un acto administrativo que nos brinde el marco legal necesario para sesionar adecu\u00e1ndonos a esta situaci\u00f3n, en este contexto extraordinario e hist\u00f3rico, algo que nunca hab\u00eda sucedido, pero que implica tener que adaptarnos para seguir con nuestra tarea de manera ajustada a las\u00a0 recomendaciones para evitar la circulaci\u00f3n de personas\u201d, manifest\u00f3 Giano.<\/p>\n","protected":false},"excerpt":{"rendered":"<p>La C\u00e1mara de Diputados est\u00e1 convocada a sesionar esta semana. Lo har\u00e1n\u00a0 de manera presencial las autoridades y presidentes de Bloques, mientras que las diputadas y diputados de modo virtual, dando cumplimiento a las recomendaciones sanitarias en el marco del aislamiento social y obligatorio &nbsp; &nbsp; De este modo se evitar\u00eda la transmisi\u00f3n potencial del virus al\u00a0 encontrarse m\u00e1s de 60 personas en un mismo espacio f\u00edsico y tambi\u00e9n porque se evita el tr\u00e1nsito y traslado de m\u00e1s personas desde distintos lugares de la provincia para a concurrir a la&#8230;<\/p>\n","protected":false},"author":3,"featured_media":60189,"comment_status":"closed","ping_status":"closed","sticky":false,"template":"","format":"standard","meta":[],"categories":[15],"tags":[],"_links":{"self":[{"href":"https:\/\/www.actualidadadiario.com\/index.php\/wp-json\/wp\/v2\/posts\/60437"}],"collection":[{"href":"https:\/\/www.actualidadadiario.com\/index.php\/wp-json\/wp\/v2\/posts"}],"about":[{"href":"https:\/\/www.actualidadadiario.com\/index.php\/wp-json\/wp\/v2\/types\/post"}],"author":[{"embeddable":true,"href":"https:\/\/www.actualidadadiario.com\/index.php\/wp-json\/wp\/v2\/users\/3"}],"replies":[{"embeddable":true,"href":"https:\/\/www.actualidadadiario.com\/index.php\/wp-json\/wp\/v2\/comments?post=60437"}],"version-history":[{"count":2,"href":"https:\/\/www.actualidadadiario.com\/index.php\/wp-json\/wp\/v2\/posts\/60437\/revisions"}],"predecessor-version":[{"id":60439,"href":"https:\/\/www.actualidadadiario.com\/index.php\/wp-json\/wp\/v2\/posts\/60437\/revisions\/60439"}],"wp:featuredmedia":[{"embeddable":true,"href":"https:\/\/www.actualidadadiario.com\/index.php\/wp-json\/wp\/v2\/media\/60189"}],"wp:attachment":[{"href":"https:\/\/www.actualidadadiario.com\/index.php\/wp-json\/wp\/v2\/media?parent=60437"}],"wp:term":[{"taxonomy":"category","embeddable":true,"href":"https:\/\/www.actualidadadiario.com\/index.php\/wp-json\/wp\/v2\/categories?post=60437"},{"taxonomy":"post_tag","embeddable":true,"href":"https:\/\/www.actualidadadiario.com\/index.php\/wp-json\/wp\/v2\/tags?post=60437"}],"curies":[{"name":"wp","href":"https:\/\/api.w.org\/{rel}","templated":true}]}}