{"id":60433,"date":"2020-04-20T12:59:17","date_gmt":"2020-04-20T15:59:17","guid":{"rendered":"https:\/\/www.actualidadadiario.com\/?p=60433"},"modified":"2020-04-20T12:59:27","modified_gmt":"2020-04-20T15:59:27","slug":"el-senado-entrerriano-sesionara-esta-semana","status":"publish","type":"post","link":"https:\/\/www.actualidadadiario.com\/index.php\/2020\/04\/20\/el-senado-entrerriano-sesionara-esta-semana\/","title":{"rendered":"El Senado entrerriano sesionar\u00e1 esta semana"},"content":{"rendered":"<p style=\"text-align: center;\"><em><strong>La vicegobernadora y presidenta del Senado, Laura Stratta, emiti\u00f3 el decreto que habilita al cuerpo a sesionar por videoconferencia. La decisi\u00f3n, que alcanza tambi\u00e9n al trabajo en comisiones, se tom\u00f3 en consenso con todos los bloques parlamentarios y responde a las circunstancias extraordinarias provocadas por la pandemia de coronavirus. La pr\u00f3xima sesi\u00f3n se realizar\u00e1 la semana que vien<\/strong><\/em>e<\/p>\n<p>&nbsp;<\/p>\n<p>&nbsp;<\/p>\n<p>En el marco de la emergencia sanitaria a ra\u00edz de la pandemia por coronavirus, y en virtud de la extensi\u00f3n de las medidas de aislamiento social preventivo y obligatorio definidas por el Ejecutivo Nacional, Stratta emiti\u00f3 el decreto N\u00ba 051\/2020 que dispone que la Honorable C\u00e1mara de Senadores de Entre R\u00edos \u201csesionar\u00e1 v\u00e1lidamente en cualquier sala de reuniones que al efecto se fije por Presidencia o sin la presencia f\u00edsica de los senadores, mediante el uso de nuevas tecnolog\u00edas\u201d.<\/p>\n<p>El texto legal explica que \u201cse asimila la presencia f\u00edsica del senador en el recinto o en la sala de reuni\u00f3n fijada, con su efectiva conexi\u00f3n a los medios t\u00e9cnicos que se dispongan para este tipo de sesiones, debiendo los legisladores permanecer en todo momento conectados a la sesi\u00f3n desde el lugar en que est\u00e9n cumpliendo aislamiento o cuarentena\u201d.<\/p>\n<p>Seg\u00fan consta en la norma emitida este lunes 20 de abril con acuerdo de todos los bloques con representaci\u00f3n en el Senado, la modalidad de sesi\u00f3n ser\u00e1 a trav\u00e9s de una plataforma de \u201cteleconferencias\u201d con las medidas de seguridad necesarias y mediante el cumplimiento de una serie de requisitos,\u00a0 entre ellos,\u00a0 la posibilidad de que la Presidencia\u00a0 y los dem\u00e1s senadores que as\u00ed lo requieran puedan \u201ccontrolar el qu\u00f3rum para dar inicio a la sesi\u00f3n y para votar\u201d, como tambi\u00e9n posibilitar que todos los integrantes del cuerpo \u201cpuedan ser testigos oculares o auditivos de las expresiones de quien est\u00e9 en uso de la palabra\u201d.<\/p>\n<p>Al mismo tiempo, deber\u00e1 posibilitar que los senadores \u201cpuedan solicitar el uso de la palabra y la presidenta advertir ese pedido\u201d, como tambi\u00e9n que se pueda \u201ccontabilizar el resultado de una votaci\u00f3n\u201d. En ese sentido, dice el texto legal, la presidenta podr\u00e1 disponer la votaci\u00f3n nominal \u201caun sin que se hubiera mocionado en los t\u00e9rminos del art\u00edculo 172 del reglamento interno\u201d.<\/p>\n<p>Tambi\u00e9n se estipula que quedar\u00e1 constancia grabada de todo lo dicho a los fines de la elaboraci\u00f3n de la correspondiente versi\u00f3n taquigr\u00e1fica.<\/p>\n<p>Las sesiones ser\u00e1n transmitidas v\u00eda videollamada por Youtube y podr\u00e1n seguirse desde la p\u00e1gina web de la Honorable C\u00e1mara de Senadores en la direcci\u00f3n www.senadoer.gob.ar a los efectos de garantizar el acceso<\/p>\n<p>Las reuniones de comisiones que se citen bajo modalidad \u201cno presencial\u201d en lo que fuere aplicable, tambi\u00e9n se ajustar\u00e1n a los t\u00e9rminos de este decreto.<\/p>\n<p>Entre las consideraciones que justifican la decisi\u00f3n asentada en el decreto, se halla el art\u00edculo N\u00ba 30 del Reglamento Interno de la C\u00e1mara de Senadores, el cual dispone que \u201clos senadores no formar\u00e1n Cuerpo fuera de la Sala habitual de sesiones de la Legislatura, salvo en casos muy extraordinarios y para los objetos de su mandato\u201d.<\/p>\n<p>La decisi\u00f3n responde a la necesidad de adaptarse al contexto generado por las medidas preventivas del aislamiento social obligatorio por la pandemia del COVID 19, con la intenci\u00f3n de mantener el funcionamiento de la C\u00e1mara y garantizar la calidad institucional.<\/p>\n<p>La pr\u00f3xima sesi\u00f3n se realizar\u00e1 la semana que viene.<\/p>\n","protected":false},"excerpt":{"rendered":"<p>La vicegobernadora y presidenta del Senado, Laura Stratta, emiti\u00f3 el decreto que habilita al cuerpo a sesionar por videoconferencia. La decisi\u00f3n, que alcanza tambi\u00e9n al trabajo en comisiones, se tom\u00f3 en consenso con todos los bloques parlamentarios y responde a las circunstancias extraordinarias provocadas por la pandemia de coronavirus. La pr\u00f3xima sesi\u00f3n se realizar\u00e1 la semana que viene &nbsp; &nbsp; En el marco de la emergencia sanitaria a ra\u00edz de la pandemia por coronavirus, y en virtud de la extensi\u00f3n de las medidas de aislamiento social preventivo y obligatorio definidas&#8230;<\/p>\n","protected":false},"author":3,"featured_media":60434,"comment_status":"closed","ping_status":"closed","sticky":false,"template":"","format":"standard","meta":[],"categories":[15],"tags":[],"_links":{"self":[{"href":"https:\/\/www.actualidadadiario.com\/index.php\/wp-json\/wp\/v2\/posts\/60433"}],"collection":[{"href":"https:\/\/www.actualidadadiario.com\/index.php\/wp-json\/wp\/v2\/posts"}],"about":[{"href":"https:\/\/www.actualidadadiario.com\/index.php\/wp-json\/wp\/v2\/types\/post"}],"author":[{"embeddable":true,"href":"https:\/\/www.actualidadadiario.com\/index.php\/wp-json\/wp\/v2\/users\/3"}],"replies":[{"embeddable":true,"href":"https:\/\/www.actualidadadiario.com\/index.php\/wp-json\/wp\/v2\/comments?post=60433"}],"version-history":[{"count":2,"href":"https:\/\/www.actualidadadiario.com\/index.php\/wp-json\/wp\/v2\/posts\/60433\/revisions"}],"predecessor-version":[{"id":60436,"href":"https:\/\/www.actualidadadiario.com\/index.php\/wp-json\/wp\/v2\/posts\/60433\/revisions\/60436"}],"wp:featuredmedia":[{"embeddable":true,"href":"https:\/\/www.actualidadadiario.com\/index.php\/wp-json\/wp\/v2\/media\/60434"}],"wp:attachment":[{"href":"https:\/\/www.actualidadadiario.com\/index.php\/wp-json\/wp\/v2\/media?parent=60433"}],"wp:term":[{"taxonomy":"category","embeddable":true,"href":"https:\/\/www.actualidadadiario.com\/index.php\/wp-json\/wp\/v2\/categories?post=60433"},{"taxonomy":"post_tag","embeddable":true,"href":"https:\/\/www.actualidadadiario.com\/index.php\/wp-json\/wp\/v2\/tags?post=60433"}],"curies":[{"name":"wp","href":"https:\/\/api.w.org\/{rel}","templated":true}]}}