{"id":60431,"date":"2020-04-20T12:58:18","date_gmt":"2020-04-20T15:58:18","guid":{"rendered":"https:\/\/www.actualidadadiario.com\/?p=60431"},"modified":"2020-04-20T12:58:18","modified_gmt":"2020-04-20T15:58:18","slug":"se-registraron-nuevos-incidentes-en-la-carcel-de-concepcion-del-uruguay","status":"publish","type":"post","link":"https:\/\/www.actualidadadiario.com\/index.php\/2020\/04\/20\/se-registraron-nuevos-incidentes-en-la-carcel-de-concepcion-del-uruguay\/","title":{"rendered":"Se registraron nuevos incidentes en la c\u00e1rcel de Concepci\u00f3n del Uruguay"},"content":{"rendered":"<p style=\"text-align: center;\"><em><strong>Seg\u00fan los datos no hubo heridos y todo se gener\u00f3 por el rechazo de varios internos contra otro reo que cumpl\u00eda condena en el Pabell\u00f3n 1. El preso fue finalmente trasladado a otro sector<\/strong><\/em><\/p>\n<p>&nbsp;<\/p>\n<p>&nbsp;<\/p>\n<p>Durante la tarde la tarde del domingo, se registraron nuevos incidentes dentro de la Unidad Penal 4 de Concepci\u00f3n del Uruguay.<\/p>\n<p>Internos de la c\u00e1rcel generaron un nuevo foco de conflicto, aunque en esta oportunidad no se trat\u00f3 de ning\u00fan reclamo por las condiciones de detenci\u00f3n; ya que la violenta situaci\u00f3n tuvo como origen el rechazo de una persona que cumpl\u00eda condena en el Pabell\u00f3n 1.<\/p>\n<p>Pese a que acudieron m\u00f3viles de la Polic\u00eda de Entre R\u00edos, dependientes del Comando Radioel\u00e9ctrico, no debieron ingresar al lugar y s\u00f3lo realizaron un per\u00edmetro en las calles de afuera del penal, sin necesidad de mayor intervenci\u00f3n o ingreso.<\/p>\n<p>De acuerdo a lo revelado al diario La Calle, no hubo heridos y el interno fue finalmente trasladado de lugar.<\/p>\n","protected":false},"excerpt":{"rendered":"<p>Seg\u00fan los datos no hubo heridos y todo se gener\u00f3 por el rechazo de varios internos contra otro reo que cumpl\u00eda condena en el Pabell\u00f3n 1. El preso fue finalmente trasladado a otro sector &nbsp; &nbsp; Durante la tarde la tarde del domingo, se registraron nuevos incidentes dentro de la Unidad Penal 4 de Concepci\u00f3n del Uruguay. Internos de la c\u00e1rcel generaron un nuevo foco de conflicto, aunque en esta oportunidad no se trat\u00f3 de ning\u00fan reclamo por las condiciones de detenci\u00f3n; ya que la violenta situaci\u00f3n tuvo como origen&#8230;<\/p>\n","protected":false},"author":3,"featured_media":47334,"comment_status":"closed","ping_status":"closed","sticky":false,"template":"","format":"standard","meta":[],"categories":[15],"tags":[],"_links":{"self":[{"href":"https:\/\/www.actualidadadiario.com\/index.php\/wp-json\/wp\/v2\/posts\/60431"}],"collection":[{"href":"https:\/\/www.actualidadadiario.com\/index.php\/wp-json\/wp\/v2\/posts"}],"about":[{"href":"https:\/\/www.actualidadadiario.com\/index.php\/wp-json\/wp\/v2\/types\/post"}],"author":[{"embeddable":true,"href":"https:\/\/www.actualidadadiario.com\/index.php\/wp-json\/wp\/v2\/users\/3"}],"replies":[{"embeddable":true,"href":"https:\/\/www.actualidadadiario.com\/index.php\/wp-json\/wp\/v2\/comments?post=60431"}],"version-history":[{"count":1,"href":"https:\/\/www.actualidadadiario.com\/index.php\/wp-json\/wp\/v2\/posts\/60431\/revisions"}],"predecessor-version":[{"id":60432,"href":"https:\/\/www.actualidadadiario.com\/index.php\/wp-json\/wp\/v2\/posts\/60431\/revisions\/60432"}],"wp:featuredmedia":[{"embeddable":true,"href":"https:\/\/www.actualidadadiario.com\/index.php\/wp-json\/wp\/v2\/media\/47334"}],"wp:attachment":[{"href":"https:\/\/www.actualidadadiario.com\/index.php\/wp-json\/wp\/v2\/media?parent=60431"}],"wp:term":[{"taxonomy":"category","embeddable":true,"href":"https:\/\/www.actualidadadiario.com\/index.php\/wp-json\/wp\/v2\/categories?post=60431"},{"taxonomy":"post_tag","embeddable":true,"href":"https:\/\/www.actualidadadiario.com\/index.php\/wp-json\/wp\/v2\/tags?post=60431"}],"curies":[{"name":"wp","href":"https:\/\/api.w.org\/{rel}","templated":true}]}}