{"id":60425,"date":"2020-04-20T12:56:38","date_gmt":"2020-04-20T15:56:38","guid":{"rendered":"https:\/\/www.actualidadadiario.com\/?p=60425"},"modified":"2020-04-20T12:56:38","modified_gmt":"2020-04-20T15:56:38","slug":"crean-unidades-de-cuidados-minimos-en-diferentes-ciudades-de-la-provincia","status":"publish","type":"post","link":"https:\/\/www.actualidadadiario.com\/index.php\/2020\/04\/20\/crean-unidades-de-cuidados-minimos-en-diferentes-ciudades-de-la-provincia\/","title":{"rendered":"Crean unidades de cuidados m\u00ednimos en diferentes ciudades de la provincia"},"content":{"rendered":"<p style=\"text-align: center;\"><em><strong>La provincia puso en marcha nuevas unidades de aislamiento que funcionar\u00e1n en diferentes localidades entrerrianas. El objetivo es ampliar la atenci\u00f3n del coronavirus en espacios complementarios a los habituales servicios de salud<\/strong><\/em><\/p>\n<p>&nbsp;<\/p>\n<p>&nbsp;<\/p>\n<p>El secretario de Pol\u00edticas de Salud y Bienestar, Guillermo Zanuttini, actualiz\u00f3 este domingo el mapa epidemiol\u00f3gico e inform\u00f3 sobre el nuevo servicio de salud que se pone en marcha de Entre R\u00edos mediante la creaci\u00f3n de unidades alternativas de cuidados m\u00ednimos. A su vez, destac\u00f3 la organizaci\u00f3n establecida en los centros de salud, donde se llevan a cabo controles y atenci\u00f3n a la poblaci\u00f3n en diversas patolog\u00edas.<\/p>\n<p>Zanuttini detall\u00f3 que Entre R\u00edos mantiene 22 casos confirmados, que son importados o contacto estrechos con personas que viajaron a alg\u00fan lugar fuera de Argentina. Agreg\u00f3 que se han estudiado 417 casos y m\u00e1s del 90 por ciento dieron negativo. \u201cS\u00f3lo se confirmaron 22 y en este momento hay otros ocho que est\u00e1n en estudio&#8221;. dijo y acot\u00f3 que s\u00f3lo uno de los casos requiere terapia intensiva, mientras que los otros tienen una evoluci\u00f3n favorable.<\/p>\n<p>Luego se\u00f1al\u00f3 que &#8220;Argentina hoy se encuentra en una fase de transici\u00f3n epidemiol\u00f3gica con respecto a la pandemia. Tiene una tasa de infecci\u00f3n cada 100.000 habitantes de 6.8, es decir que tomando de referencia esa tasa nacional, Entre R\u00edos se encuentra, sin dar cifras, muy por debajo de ese dato. El otro dato es que la tasa de letalidad en Argentina, sobre los m\u00e1s de 2.800 casos, es de 4.6, y obviamente al no tener muertes en la provincia nuestra tasa es cero&#8221;.<\/p>\n<p>Tras ello indic\u00f3 que en el pa\u00eds cada vez m\u00e1s hay casos que tienen que ver con contactos estrechos, con transmisi\u00f3n comunitaria de virus y con contactos en aglomerados, y dijo que las \u00faltimas dos situaciones la provincia de Entre R\u00edos todav\u00eda no la tiene. \u201cEsto nos permite avanzar con m\u00e1s cautela y nos favorece para trabajar con mayor tranquilidad en esta fase que es fundamentalmente dentro del sector salud organizar, equipar a los hospitales fundamentalmente, distribuir tareas, definir roles y funciones entre el p\u00fablico y el privado, definir las caracter\u00edsticas de atenci\u00f3n en los distintos niveles de atenci\u00f3n, sobre todo dentro del sub sector p\u00fablico y obviamente armar redes de atenci\u00f3n&#8221;, explic\u00f3.<\/p>\n<p>&nbsp;<\/p>\n<p><strong>Unidades de cuidados m\u00ednimos<\/strong><\/p>\n<p>El secretario de Pol\u00edticas de Salud y Bienestar indic\u00f3 que &#8220;esta fase de crecimiento lento de casos, claramente es lo que buscamos y lo que nos permite organizar much\u00edsimo mejor las actividades, ya sea tanto dentro de los hospitales, en general la red de organizaci\u00f3n es p\u00fablico privada con una predominancia del sub sector p\u00fablico en muchas de las localidades y en ese sentido estamos avanzando a pasos acelerados en t\u00e9rminos de la rutina con la cual nos encontr\u00e1bamos hasta hace un mes y medio atr\u00e1s en la provincia, en t\u00e9rminos de organizaci\u00f3n y funcionamiento de los servicios de salud&#8221;.<\/p>\n<p>Y agreg\u00f3: &#8220;Vamos armando circuitos y esta semana, siguiendo con las premisas del plan operativo, vamos a profundizar la organizaci\u00f3n en cada una de las localidades, sobre todo las de mayor magnitud en t\u00e9rminos de poblaci\u00f3n y las intermedias. Esto implica el espacio de coordinaci\u00f3n y de trabajo en los COES locales con las \u00e1reas de gobierno, fundamentalmente el Ministerio de Desarrollo Social y los municipios porque es la etapa o el momento donde vamos a organizar de menor manera lo que definimos como unidades complementarias a los servicios de salud, pensando ya en el plan estrictamente asistencial y en un eventual desborde del sistema sanitario que nos permita contener los casos infectados en lugares alternativos, complementarios a los servicios de salud&#8221;, mencion\u00f3.<\/p>\n<p>P\u00e1rrafo seguido, indic\u00f3: &#8220;A esas unidades las definimos como unidades de cuidados m\u00ednimos de aislamiento complementarias a los servicios de salud y requieren un sistema de organizaci\u00f3n estricto que claramente tiene que estar manejado por personal de salud con todas las caracter\u00edsticas estrictas de protecci\u00f3n que tiene que tener todo personal de salud para no infectarse con coronavirus. Esa es una de las cuestiones en el marco de lo asistencial a dise\u00f1ar, crear e ir constituyendo en los distintos lugares de la provincia&#8221;.<\/p>\n<p>&nbsp;<\/p>\n<p><strong>Centros de Salud<\/strong><\/p>\n<p>Por otro lado se refiri\u00f3 a la tarea y la organizaci\u00f3n en el primer nivel de atenci\u00f3n, y coment\u00f3: &#8220;Otra de las partes que tiene que ver con el desarrollo de actividades sanitarias es la organizaci\u00f3n del primer nivel de atenci\u00f3n que de alguna manera la provincia plante\u00f3 con el no al cierre de los centros de salud. Al contrario, tienen que seguir presentes en el escenario de la atenci\u00f3n de la gente en los distintos lugares y fundamentalmente en los barrios m\u00e1s vulnerables, y en este sentido planteamos algunas restricciones que ya llevan m\u00e1s de un mes en lo que es parte de la atenci\u00f3n programada de los servicios en los centros de salud, donde se priorizaron algunas actividades como el control de las embarazadas, sobre todo haciendo hincapi\u00e9 en las de riesgos, en los ni\u00f1os y ni\u00f1as menores de un a\u00f1o, y otro aspecto importante en el desarrollo ha sido el seguimiento de los pacientes ya detectados por los equipos de salud que padecen alguna enfermedad cr\u00f3nica no transmisible, como diabetes, insuficiencias card\u00edacas, hipertensi\u00f3n arterial, alguna enfermedad pulmonar obstructiva cr\u00f3nica, que forman parte del paquete de trabajo cotidiano de los servicios de salud y que al pertenecer a los grupos de riesgo, de padecer complicaciones por la infecci\u00f3n del coronavirus son los que merecen mayor atenci\u00f3n&#8221;, acot\u00f3 Zanuttini<\/p>\n<p>M\u00e1s adelante, precis\u00f3 que &#8220;el otro trabajo importante en los centros de salud es el acompa\u00f1amiento a los adultos mayores, tratando de comunicar fundamentalmente la importancia acerca del aislamiento domiciliario. Y lo otro que contin\u00faa como parte del trabajo es la implementaci\u00f3n del programa de inmunizaci\u00f3n que desde hace casi tres semanas implica la aplicaci\u00f3n de la dosis anual de la vacuna antigripal y, en casos de riesgo, la antineumoc\u00f3sica&#8221;.<\/p>\n<p>&#8220;Los centros de salud est\u00e1n abiertos para atender tambi\u00e9n los casos de enfermedad diaria que forman parte del contexto de crisis social y econ\u00f3mica profunda que ten\u00edamos antes de la pandemia en Argentina y que tiene que ver con enfermedades transmisibles, de transmisi\u00f3n sexual, distintas formas de violencia, adicciones y todo el paquete de enfermedades que son coyunturales y estacionales. Esto cabe para aclarar que los centros de salud siguen trabajando a un ritmo m\u00e1s pausado y mucho m\u00e1s organizado en cuanto a las actividades que tienen que desarrollar&#8221;, expres\u00f3.<\/p>\n<p>&nbsp;<\/p>\n<p><strong>Habilitaci\u00f3n de actividades<\/strong><\/p>\n<p>Seguidamente, Zanuttini se refiri\u00f3 a la \u00faltima circular emitida por parte del jefe de Gabinete del Gobierno Nacional sobre la habilitaci\u00f3n de algunas actividades econ\u00f3micas en distintas ramas de la econom\u00eda que se implementar\u00e1n desde el lunes, lo que &#8220;b\u00e1sicamente es una reactivaci\u00f3n econ\u00f3mica en muy peque\u00f1a escala\u201d, ante lo cual record\u00f3 la importancia de tomar las recomendaciones del distanciamiento social y de las medidas generales de higiene que debe tener cada uno de los lugares, como \u201ccuestiones que tienen que ver con la higiene de los espacios, de la aireaci\u00f3n de los distintos espacios de trabajo, que si es posible que entre el sol, que se abran las ventanas, y de las medidas de higiene personal que tienen que ver con la higiene respiratoria\u201d.<\/p>\n<p>Sobre la organizaci\u00f3n de cada una de estas actividades econ\u00f3micas que fueron habilitadas y comenzar\u00e1n el lunes, indic\u00f3 que es fundamental \u201cpriorizar lo que es la atenci\u00f3n a distancia, si hay algunas actividades que se pueden hacer en el domicilio deben hacerse claramente en domicilio, extender los horarios\u201d, y agreg\u00f3 que en esas \u201cnormas generales que estamos trabajando este fin de semana y que ma\u00f1ana en un documento de COES vamos a acercar a cada una de los sectores de la econom\u00eda que de alguna manera reaparecen en el escenario provincial\u201d.<\/p>\n","protected":false},"excerpt":{"rendered":"<p>La provincia puso en marcha nuevas unidades de aislamiento que funcionar\u00e1n en diferentes localidades entrerrianas. El objetivo es ampliar la atenci\u00f3n del coronavirus en espacios complementarios a los habituales servicios de salud &nbsp; &nbsp; El secretario de Pol\u00edticas de Salud y Bienestar, Guillermo Zanuttini, actualiz\u00f3 este domingo el mapa epidemiol\u00f3gico e inform\u00f3 sobre el nuevo servicio de salud que se pone en marcha de Entre R\u00edos mediante la creaci\u00f3n de unidades alternativas de cuidados m\u00ednimos. A su vez, destac\u00f3 la organizaci\u00f3n establecida en los centros de salud, donde se llevan&#8230;<\/p>\n","protected":false},"author":3,"featured_media":60426,"comment_status":"closed","ping_status":"closed","sticky":false,"template":"","format":"standard","meta":[],"categories":[9],"tags":[],"_links":{"self":[{"href":"https:\/\/www.actualidadadiario.com\/index.php\/wp-json\/wp\/v2\/posts\/60425"}],"collection":[{"href":"https:\/\/www.actualidadadiario.com\/index.php\/wp-json\/wp\/v2\/posts"}],"about":[{"href":"https:\/\/www.actualidadadiario.com\/index.php\/wp-json\/wp\/v2\/types\/post"}],"author":[{"embeddable":true,"href":"https:\/\/www.actualidadadiario.com\/index.php\/wp-json\/wp\/v2\/users\/3"}],"replies":[{"embeddable":true,"href":"https:\/\/www.actualidadadiario.com\/index.php\/wp-json\/wp\/v2\/comments?post=60425"}],"version-history":[{"count":1,"href":"https:\/\/www.actualidadadiario.com\/index.php\/wp-json\/wp\/v2\/posts\/60425\/revisions"}],"predecessor-version":[{"id":60427,"href":"https:\/\/www.actualidadadiario.com\/index.php\/wp-json\/wp\/v2\/posts\/60425\/revisions\/60427"}],"wp:featuredmedia":[{"embeddable":true,"href":"https:\/\/www.actualidadadiario.com\/index.php\/wp-json\/wp\/v2\/media\/60426"}],"wp:attachment":[{"href":"https:\/\/www.actualidadadiario.com\/index.php\/wp-json\/wp\/v2\/media?parent=60425"}],"wp:term":[{"taxonomy":"category","embeddable":true,"href":"https:\/\/www.actualidadadiario.com\/index.php\/wp-json\/wp\/v2\/categories?post=60425"},{"taxonomy":"post_tag","embeddable":true,"href":"https:\/\/www.actualidadadiario.com\/index.php\/wp-json\/wp\/v2\/tags?post=60425"}],"curies":[{"name":"wp","href":"https:\/\/api.w.org\/{rel}","templated":true}]}}