{"id":60422,"date":"2020-04-20T12:55:49","date_gmt":"2020-04-20T15:55:49","guid":{"rendered":"https:\/\/www.actualidadadiario.com\/?p=60422"},"modified":"2020-04-20T12:55:49","modified_gmt":"2020-04-20T15:55:49","slug":"entre-rios-accedera-a-financiamiento-para-activar-la-obra-publica","status":"publish","type":"post","link":"https:\/\/www.actualidadadiario.com\/index.php\/2020\/04\/20\/entre-rios-accedera-a-financiamiento-para-activar-la-obra-publica\/","title":{"rendered":"Entre R\u00edos acceder\u00e1 a financiamiento para activar la obra p\u00fablica"},"content":{"rendered":"<p style=\"text-align: center;\"><em><strong>El gobernador Gustavo Bordet adelant\u00f3 este domingo que se firmar\u00e1 en los pr\u00f3ximos d\u00edas un acuerdo con el gobierno nacional para acceder a financiamiento para obra p\u00fablica. Se\u00f1al\u00f3 adem\u00e1s que las actividades que habilit\u00f3 la jefatura de gabinete deber\u00e1n cumplir un riguroso protocolo sanitario<\/strong><\/em><\/p>\n<p>&nbsp;<\/p>\n<p>&nbsp;<\/p>\n<p>El gobernador confirm\u00f3 que \u201cse establecieron las actividades que se reactivar\u00e1n, pero ser\u00e1n controladas estrictamente para que no generen ning\u00fan problema con la circulaci\u00f3n del virus y que cada una tendr\u00e1 un protocolo para desarrollarlas&#8221;.<\/p>\n<p>&#8220;Hay un tiempo donde va siendo necesario ir habilitando otras actividades, algunas de ellas, en el d\u00eda de ayer las dio a conocer el jefe de Gabinete, muchas de las cuales nosotros hab\u00edamos propuesto junto a otros gobernadores y que van siendo habilitadas a trav\u00e9s de protocolos. Habr\u00e1 otras que posibilitaran ir retomando progresiva y paulatinamente la actividad&#8221;.<\/p>\n<p>&#8220;En la provincia lo trabajamos previamente a los protocolos. Son actividades que realmente son importantes para las ventas on line, y permitir\u00e1n a muchos comerciantes que puedan vender por internet sus productos, y el comerciante lo lleva al domicilio sin tomar contacto con la persona. Esto impide que se movilice para buscar el producto. Es una ventaja que se pueda llevar adelante en el sector comercial que es uno de los que m\u00e1s est\u00e1 sufriendo&#8221;, detall\u00f3 en declaraciones period\u00edsticas.<\/p>\n<p>Bordet indic\u00f3 que se solicit\u00f3 que &#8220;tambi\u00e9n se habiliten algunas profesionales liberales porque tambi\u00e9n es importante. Personas que quieran ejercer su profesi\u00f3n y no tengan pr\u00e1cticamente empleados, pero de ellos depende su trabajo, puedan realizar sus actividades. Me refiero a escribanos, contadores, arquitectos e ingenieros&#8221;.<\/p>\n<p>&nbsp;<\/p>\n<p><strong>Empleo, construcci\u00f3n y sector privado<\/strong><\/p>\n<p>En cuanto a la reactivaci\u00f3n de la obra p\u00fablica, el mandatario asegur\u00f3 que &#8220;se trabaja en la obra p\u00fablica que ya hab\u00eda contratada. Estamos tratando de cumplir con los compromisos porque hay una situaci\u00f3n financiera realmente muy grave&#8221;.<\/p>\n<p>&#8220;Queremos evitar que empresas despidan personal. Eso es lo clave. Acordamos con la Uocra garantizar la continuidad de la obra p\u00fablica a los efectos que no haya desempleo en el sector. Por eso no hemos parado la obra p\u00fablica&#8221;, remarc\u00f3 al tambi\u00e9n hacer referencia que es &#8220;cr\u00edtica la situaci\u00f3n del empleado de la construcci\u00f3n&#8221;.<\/p>\n<p>&#8220;Tambi\u00e9n hay mucha obra que tienen financiamiento externo. Nuestra idea es seguir con la obra p\u00fablica, y adem\u00e1s la decisi\u00f3n del Presidente de destinar 100 millones de pesos para reactivar la obra p\u00fablica. En los pr\u00f3ximos d\u00edas se firmar\u00e1 un adelanto del mismo&#8221;, anunci\u00f3.<\/p>\n<p>M\u00e1s adelante se refiri\u00f3 a la situaci\u00f3n del sector privado y al impacto que produce esta emergencia sanitaria, especialmente es actividades como gastronom\u00eda, hoteler\u00eda y sector comercial que &#8220;est\u00e1n realmente muy complicado&#8221;.<\/p>\n<p>&#8220;La preocupaci\u00f3n m\u00e1s importante es que no caiga el empleo&#8221;, manifest\u00f3 Bordet a referirse a la preocupaci\u00f3n que genera tanto la enfermedad como &#8220;familias que no tengan el sustento&#8221;. En ese sentido, insisti\u00f3: &#8220;Es un tema prioritario&#8221;.<\/p>\n<p>En ese marco, mencion\u00f3 las medidas que el gobierno provincial puso en marcha para que las actividades afectadas puedan sobrellevar el impacto. &#8220;Hay otras que no est\u00e1n afectadas y que les est\u00e1 yendo muy bien porque han aumentado los precios. A ese sector se les cobrar\u00e1n los tributos tal como estaba previsto&#8221;, advirti\u00f3.<\/p>\n<p>&nbsp;<\/p>\n<p><strong>Situaci\u00f3n sanitario y equipamientos<\/strong><\/p>\n<p>&#8220;Hoy hay un aplanamiento en la curva de contagios que lo que ha permitido que se gane tiempo para poder readecuar el sistema de salud para que no colapse&#8221;.<\/p>\n<p>En este sentido, dijo que &#8220;por ejemplo a nosotros en este tiempo nos permiti\u00f3 ingresar al hospital de la Baxada que no pod\u00edamos hacerlo porque como era de Pami y Pami lo dejo cuatro a\u00f1os parado no nos permit\u00eda intervenir, la emergencia y la situaci\u00f3n nos permiti\u00f3 tomar posesi\u00f3n y habilitar 31 camas con 31 respiradores, m\u00e1s 60 camas para personas que tienen que hacer el aislamiento y estamos por habilitar otras 60 camas m\u00e1s&#8221;.<\/p>\n<p>Destac\u00f3 que &#8220;tiene toda la tecnolog\u00eda nueva que supone un hospital nuevo y moderno&#8221;. Adem\u00e1s, &#8220;nos permiti\u00f3 en Concordia, donde estuve ayer, llevar al doble la capacidad de respiradores que tiene el hospital Masvernat y as\u00ed en los centros asistenciales, trabajar, preparar el sistema de salud y tambi\u00e9n hemos preparado con los intendentes un plan de contingencia si llega darse la necesidad de poder tener habilitado para aislamiento distintos lugares en cada una de las ciudades para ello&#8221;.<\/p>\n<p>&nbsp;<\/p>\n<p><strong>Aislamiento administrado<\/strong><\/p>\n<p>El gobernador dijo que &#8220;retomar una actividad significa que podr\u00edan salir de la cuarentena cuando los defina el gobierno nacional la poblaci\u00f3n econ\u00f3micamente activa, la que va desde los 18 a los 65 a\u00f1os. El resto, las personas de m\u00e1s de 65 a\u00f1os que est\u00e1n en riesgo de vida en caso de contagio, y aquellas con enfermedades prevalentes tendr\u00e1n que continuar con las medidas de aislamiento. Los ni\u00f1os y los j\u00f3venes si bien no ataca con letalidad en esa franja etaria, pero si son los que m\u00e1s trasmiten y contagian m\u00e1s r\u00e1pidamente, por eso el hecho de que las clases presenciales sean suspendidas y de realizan de manera virtual&#8221;.<\/p>\n<p>&nbsp;<\/p>\n<p>&nbsp;<\/p>\n<p><strong>Sistema bancario<\/strong><\/p>\n<p>El gobernador precis\u00f3 a Radio La Voz que &#8220;los bancos tienen que abrir y hacerlo con turnos limitados, evitar la concentraci\u00f3n, y buscar llegar r\u00e1pidamente a realizar las operaciones porque la gente tiene que cobrar, pagar y operar, ning\u00fan sistema econ\u00f3mico opera sin bancos&#8221;.<\/p>\n<p>&nbsp;<\/p>\n<p><strong>Justicia<\/strong><\/p>\n<p>En referencia a la justicia, Bordet dijo que &#8220;nosotros propusimos la habilitaci\u00f3n del servicio, fue una de las propuestas que yo le elev\u00e9 al jefe de Gabinete, porque el servicio de justicia tiene que seguir funcionando. Hay acciones que realiza el estado que tienen que ser avaladas y dirimidas en el servicio de justicia y sobre todo temas que tienen que ver con la pandemia misma&#8221;.<\/p>\n<p>&#8220;El servicio de justicia tiene que funcionar y para esto habr\u00e1 que garantizar un protocolo y dotarlo de los medios de seguridad para las personas que concurran&#8221;.<\/p>\n<p>\u201cEn el sistema legislativo, ahora la Corte Suprema acaba de autorizar, por una presentaci\u00f3n que hab\u00eda hecho la vicepresidenta, las sesiones virtuales. Eso es un avance e independientemente de poder estar reunidos en el recinto, hay una tarea de los legisladores que tiene que darse en el trabajo en comisiones y una serie de cuestiones que tienen que llevarse adelante\u201d, indic\u00f3.<\/p>\n<p>\u201cQuienes tenemos responsabilidades pol\u00edticas, tenemos que estar trabajando. No podemos estar ausentes. Y esto de e ser as\u00ed en los tres poderes del Estado&#8221;, remarc\u00f3 finalmente.<\/p>\n","protected":false},"excerpt":{"rendered":"<p>El gobernador Gustavo Bordet adelant\u00f3 este domingo que se firmar\u00e1 en los pr\u00f3ximos d\u00edas un acuerdo con el gobierno nacional para acceder a financiamiento para obra p\u00fablica. Se\u00f1al\u00f3 adem\u00e1s que las actividades que habilit\u00f3 la jefatura de gabinete deber\u00e1n cumplir un riguroso protocolo sanitario &nbsp; &nbsp; El gobernador confirm\u00f3 que \u201cse establecieron las actividades que se reactivar\u00e1n, pero ser\u00e1n controladas estrictamente para que no generen ning\u00fan problema con la circulaci\u00f3n del virus y que cada una tendr\u00e1 un protocolo para desarrollarlas&#8221;. &#8220;Hay un tiempo donde va siendo necesario ir habilitando&#8230;<\/p>\n","protected":false},"author":3,"featured_media":60423,"comment_status":"closed","ping_status":"closed","sticky":false,"template":"","format":"standard","meta":[],"categories":[9],"tags":[],"_links":{"self":[{"href":"https:\/\/www.actualidadadiario.com\/index.php\/wp-json\/wp\/v2\/posts\/60422"}],"collection":[{"href":"https:\/\/www.actualidadadiario.com\/index.php\/wp-json\/wp\/v2\/posts"}],"about":[{"href":"https:\/\/www.actualidadadiario.com\/index.php\/wp-json\/wp\/v2\/types\/post"}],"author":[{"embeddable":true,"href":"https:\/\/www.actualidadadiario.com\/index.php\/wp-json\/wp\/v2\/users\/3"}],"replies":[{"embeddable":true,"href":"https:\/\/www.actualidadadiario.com\/index.php\/wp-json\/wp\/v2\/comments?post=60422"}],"version-history":[{"count":1,"href":"https:\/\/www.actualidadadiario.com\/index.php\/wp-json\/wp\/v2\/posts\/60422\/revisions"}],"predecessor-version":[{"id":60424,"href":"https:\/\/www.actualidadadiario.com\/index.php\/wp-json\/wp\/v2\/posts\/60422\/revisions\/60424"}],"wp:featuredmedia":[{"embeddable":true,"href":"https:\/\/www.actualidadadiario.com\/index.php\/wp-json\/wp\/v2\/media\/60423"}],"wp:attachment":[{"href":"https:\/\/www.actualidadadiario.com\/index.php\/wp-json\/wp\/v2\/media?parent=60422"}],"wp:term":[{"taxonomy":"category","embeddable":true,"href":"https:\/\/www.actualidadadiario.com\/index.php\/wp-json\/wp\/v2\/categories?post=60422"},{"taxonomy":"post_tag","embeddable":true,"href":"https:\/\/www.actualidadadiario.com\/index.php\/wp-json\/wp\/v2\/tags?post=60422"}],"curies":[{"name":"wp","href":"https:\/\/api.w.org\/{rel}","templated":true}]}}