{"id":60419,"date":"2020-04-16T15:18:27","date_gmt":"2020-04-16T18:18:27","guid":{"rendered":"https:\/\/www.actualidadadiario.com\/?p=60419"},"modified":"2020-04-16T15:18:27","modified_gmt":"2020-04-16T18:18:27","slug":"femicidio-hallaron-el-cuerpo-de-priscila-martinez-desaparecida-en-santiago-del-estero","status":"publish","type":"post","link":"https:\/\/www.actualidadadiario.com\/index.php\/2020\/04\/16\/femicidio-hallaron-el-cuerpo-de-priscila-martinez-desaparecida-en-santiago-del-estero\/","title":{"rendered":"Femicidio: Hallaron el cuerpo de Priscila Mart\u00ednez, desaparecida en Santiago del Estero"},"content":{"rendered":"<p style=\"text-align: center;\"><em><strong>Priscila Mart\u00ednez, de 15 a\u00f1os, a quien la familia buscaba en Santiago del Estero desde el 23 de febrero, fue encontrada, asesinada, este mi\u00e9rcoles por la noche en la casa donde viv\u00eda su t\u00edo Rub\u00e9n \u00c1vila quien, seg\u00fan fuentes judiciales, ten\u00eda denuncias previas por abuso sexual<\/strong><\/em><\/p>\n<p>&nbsp;<\/p>\n<p>La madre de Priscila fue quien la reconoci\u00f3, en la casa de la calle Catamarca donde la encontraron, a partir de un tatuaje que su hija llevaba con el nombre de un familiar.<\/p>\n<p>La fiscal Natalia Saavedra, quien coordina la unidad de La Banda, localidad junto a la capital provincial, detuvo por el femicidio a dos hombres sospechosos, entre ellos \u00c1vila, con quien Mart\u00ednez hab\u00eda estado el 23 de febrero, ya que el hombre le hab\u00eda prometido trabajos de limpieza y lavado de ropa. Anoche, la Polic\u00eda de Santiago del Estero encontr\u00f3 el cuerpo de la mujer en la casa donde viv\u00eda Rub\u00e9n \u00c1vila, en el barrio de Los Lagos de la ciudad de La Banda, en Santiago del Estero.<\/p>\n<p>Hace casi dos meses que la familia buscaba a Priscila, y distintas organizaciones sociales hab\u00edan reiterado la b\u00fasqueda en redes sociales durante la \u00faltima semana.<\/p>\n<p>Desde el 19 de marzo, cuando se dispuso el aislamiento obligatorio, se registraron 14 femicidios en el pa\u00eds. Seg\u00fan el Observatorio de Violencias de G\u00e9nero &#8220;Ahora que si nos ven&#8221;, el 72% de los femicidios ocurrieron dentro de las viviendas y el 56% fueron asesinadas por sus parejas o ex parejas.<\/p>\n","protected":false},"excerpt":{"rendered":"<p>Priscila Mart\u00ednez, de 15 a\u00f1os, a quien la familia buscaba en Santiago del Estero desde el 23 de febrero, fue encontrada, asesinada, este mi\u00e9rcoles por la noche en la casa donde viv\u00eda su t\u00edo Rub\u00e9n \u00c1vila quien, seg\u00fan fuentes judiciales, ten\u00eda denuncias previas por abuso sexual &nbsp; La madre de Priscila fue quien la reconoci\u00f3, en la casa de la calle Catamarca donde la encontraron, a partir de un tatuaje que su hija llevaba con el nombre de un familiar. La fiscal Natalia Saavedra, quien coordina la unidad de La&#8230;<\/p>\n","protected":false},"author":3,"featured_media":60420,"comment_status":"closed","ping_status":"closed","sticky":false,"template":"","format":"standard","meta":[],"categories":[4],"tags":[],"_links":{"self":[{"href":"https:\/\/www.actualidadadiario.com\/index.php\/wp-json\/wp\/v2\/posts\/60419"}],"collection":[{"href":"https:\/\/www.actualidadadiario.com\/index.php\/wp-json\/wp\/v2\/posts"}],"about":[{"href":"https:\/\/www.actualidadadiario.com\/index.php\/wp-json\/wp\/v2\/types\/post"}],"author":[{"embeddable":true,"href":"https:\/\/www.actualidadadiario.com\/index.php\/wp-json\/wp\/v2\/users\/3"}],"replies":[{"embeddable":true,"href":"https:\/\/www.actualidadadiario.com\/index.php\/wp-json\/wp\/v2\/comments?post=60419"}],"version-history":[{"count":1,"href":"https:\/\/www.actualidadadiario.com\/index.php\/wp-json\/wp\/v2\/posts\/60419\/revisions"}],"predecessor-version":[{"id":60421,"href":"https:\/\/www.actualidadadiario.com\/index.php\/wp-json\/wp\/v2\/posts\/60419\/revisions\/60421"}],"wp:featuredmedia":[{"embeddable":true,"href":"https:\/\/www.actualidadadiario.com\/index.php\/wp-json\/wp\/v2\/media\/60420"}],"wp:attachment":[{"href":"https:\/\/www.actualidadadiario.com\/index.php\/wp-json\/wp\/v2\/media?parent=60419"}],"wp:term":[{"taxonomy":"category","embeddable":true,"href":"https:\/\/www.actualidadadiario.com\/index.php\/wp-json\/wp\/v2\/categories?post=60419"},{"taxonomy":"post_tag","embeddable":true,"href":"https:\/\/www.actualidadadiario.com\/index.php\/wp-json\/wp\/v2\/tags?post=60419"}],"curies":[{"name":"wp","href":"https:\/\/api.w.org\/{rel}","templated":true}]}}