{"id":60414,"date":"2020-04-16T15:17:01","date_gmt":"2020-04-16T18:17:01","guid":{"rendered":"https:\/\/www.actualidadadiario.com\/?p=60414"},"modified":"2020-04-16T15:17:01","modified_gmt":"2020-04-16T18:17:01","slug":"trump-amenaza-con-suspender-el-congreso-porque-le-traban-designaciones","status":"publish","type":"post","link":"https:\/\/www.actualidadadiario.com\/index.php\/2020\/04\/16\/trump-amenaza-con-suspender-el-congreso-porque-le-traban-designaciones\/","title":{"rendered":"Trump amenaza con suspender el Congreso porque le traban designaciones"},"content":{"rendered":"<p style=\"text-align: center;\"><em><strong>Dijo que no dudar\u00e1 en utilizar un poder presidencial nunca antes usado si no declaran el receso total de las c\u00e1maras para poder aprobar las nominaciones por decreto<\/strong><\/em><\/p>\n<p>&nbsp;<\/p>\n<p>&nbsp;<\/p>\n<p>En medio de su pelea con la OMS y una pulseada cada vez m\u00e1s tensa con los gobernadores opositores por las medidas contra el coronavirus, Donald Trump abri\u00f3 un nuevo frente de batalla con el Congreso al amenazar con levantar las sesiones -un poder nunca antes usado por un mandatario- porque le traban designaciones.<\/p>\n<p>El presidente de Estados Unidos acus\u00f3 a la bancada dem\u00f3crata de estar retrasando la confirmaci\u00f3n de decenas de designaciones &#8220;para cargos claves del Estado&#8221;, al mantener sesiones m\u00ednimas y no declarar un receso total, lo que le permitir\u00eda avanzar con las designaciones y otras iniciativas -como partidas presupuestarias- v\u00eda decretos.<\/p>\n<p>&#8220;Esta pr\u00e1ctica de irse de la ciudad mientras mantienen unas sesiones mentirosas pro forma (reuniones breves sobre temas especiales) es una falsificaci\u00f3n de su deber que el pueblo estadounidense no puede aceptar en medio de esta crisis&#8221;, asegur\u00f3 el mandatario, que calific\u00f3 al actual funcionamiento del Congreso como &#8220;una estafa&#8221;.<\/p>\n<p>Tras la acusaci\u00f3n, Trump amenaz\u00f3 con &#8220;levantar las sesiones del Congreso&#8221;, &#8220;si no empiezan a actuar y aprueban a esta gente&#8221;, en referencia a los &#8220;cientos&#8221; de nominados que esperan ser ratificados. &#8220;Quiz\u00e1s este poder no se us\u00f3 antes, nadie puede saberlo con certeza. Pero nosotros lo haremos. Es algo que preferir\u00eda no hacer, pero lo har\u00e9. Necesitamos a esa gente ac\u00e1. Necesitamos gente para esta crisis y no queremos jugar m\u00e1s juegos pol\u00edticos&#8221;, sentenci\u00f3 en su conferencia diaria en el jard\u00edn de la Casa Blanca.<\/p>\n<p>La oposici\u00f3n controla la c\u00e1mara baja y estableci\u00f3 que reci\u00e9n volver\u00e1 a sesionar en pleno en Washington el pr\u00f3ximo 4 de mayo por la declaraci\u00f3n de emergencia. En tanto, el Senado -la c\u00e1mara que ratifica las nominaciones de funcionarios designados por el presidente- est\u00e1 en manos del oficialismo y reci\u00e9n volver\u00e1 a reunirse en pleno el 20 de abril. Hasta entonces mantiene &#8220;sesiones pro forma&#8221;, cortas y muy puntuales.<\/p>\n<p>La secci\u00f3n 3 el art\u00edculo II de la Constituci\u00f3n otorga al presidente un poder &#8220;en ocasiones extraordinarias para convocar a ambas c\u00e1maras, o a una de ellas, y en caso de un desacuerdo entre ellas sobre cu\u00e1ndo deben terminar las sesiones, puede levantarlas cuando \u00e9l crea que es apropiado&#8221;.<\/p>\n<p>Trump no puso fecha a esta amenaza, pero s\u00ed a la pr\u00f3xima reuni\u00f3n con lo gobernadores de todo el pa\u00eds para definir cu\u00e1ndo ser\u00e1 la reapertura de la econom\u00eda. Anunci\u00f3 que este juees hablar\u00e1 con ellos y pronostic\u00f3 que &#8220;algunos podr\u00e1n abrir (su econom\u00eda) antes del plazo del 1 de mayo&#8221;.<\/p>\n<p>Este es el punto que m\u00e1s tensi\u00f3n pol\u00edtica genera hoy en Estados Unidos: qui\u00e9n decidir\u00e1 la reapertura de la econom\u00eda y c\u00f3mo lo har\u00e1.<\/p>\n<p>Tras afirmar que \u00e9l tiene &#8220;el poder absoluto&#8221; y desatar la furia de varios gobernadores opositores, como el Nueva York Andrew Cuomo, Trump cont\u00f3 en su Twitter que tuvo &#8220;llamadas muy productivas con l\u00edderes de cada sector de la econom\u00eda&#8221; y adelant\u00f3 que &#8220;todos est\u00e1n a favor de volver a poner en funcionamiento a Estados Unidos y hacerlo pronto&#8221;.<\/p>\n<p>El martes Trump hab\u00eda anunciado que, pese a la decisi\u00f3n de algunos gobernadores de unirse para tomar la decisi\u00f3n ellos, \u00e9l definir\u00eda la reapertura antes de fin de mes.<\/p>\n<p>La creciente tensi\u00f3n entre el mandatario republicano y varios gobernadores dem\u00f3cratas que impusieron cuarentenas -aun cuando la Casa Blanca no las recomendaba- se volc\u00f3 hoy por primera vez a las calles en forma de protesta. Una caravana de cientos de autos atraves\u00f3 el centro de Lansing, la capital de Michigan, en protesta por la cuarentena que impone el gobierno de la dem\u00f3crata Gretchen Whitmer.<\/p>\n<p>Los autos inundaron la zona de los palacios ejecutivo y legislativo del estado, y luego cientos de personas se amontonaron, sin mascarillas, en la plaza central para reclamar que &#8220;reabran ya Michigan&#8221;. Un grupo incluso se mostr\u00f3 con armas de gran porte.<\/p>\n<p>La gobernadora de Michigan critic\u00f3 la protesta ante la prensa y advirti\u00f3 que &#8220;tendr\u00e1 un costo para la salud de la gente&#8221;. &#8220;La triste iron\u00eda es que est\u00e1n protestando porque no les gusta la orden de quedarse en las casas y ahora es probable que haya que extenderla a\u00fan m\u00e1s&#8221;, agreg\u00f3 la dem\u00f3crata.<\/p>\n","protected":false},"excerpt":{"rendered":"<p>Dijo que no dudar\u00e1 en utilizar un poder presidencial nunca antes usado si no declaran el receso total de las c\u00e1maras para poder aprobar las nominaciones por decreto &nbsp; &nbsp; En medio de su pelea con la OMS y una pulseada cada vez m\u00e1s tensa con los gobernadores opositores por las medidas contra el coronavirus, Donald Trump abri\u00f3 un nuevo frente de batalla con el Congreso al amenazar con levantar las sesiones -un poder nunca antes usado por un mandatario- porque le traban designaciones. El presidente de Estados Unidos acus\u00f3&#8230;<\/p>\n","protected":false},"author":3,"featured_media":60415,"comment_status":"closed","ping_status":"closed","sticky":false,"template":"","format":"standard","meta":[],"categories":[4],"tags":[],"_links":{"self":[{"href":"https:\/\/www.actualidadadiario.com\/index.php\/wp-json\/wp\/v2\/posts\/60414"}],"collection":[{"href":"https:\/\/www.actualidadadiario.com\/index.php\/wp-json\/wp\/v2\/posts"}],"about":[{"href":"https:\/\/www.actualidadadiario.com\/index.php\/wp-json\/wp\/v2\/types\/post"}],"author":[{"embeddable":true,"href":"https:\/\/www.actualidadadiario.com\/index.php\/wp-json\/wp\/v2\/users\/3"}],"replies":[{"embeddable":true,"href":"https:\/\/www.actualidadadiario.com\/index.php\/wp-json\/wp\/v2\/comments?post=60414"}],"version-history":[{"count":1,"href":"https:\/\/www.actualidadadiario.com\/index.php\/wp-json\/wp\/v2\/posts\/60414\/revisions"}],"predecessor-version":[{"id":60416,"href":"https:\/\/www.actualidadadiario.com\/index.php\/wp-json\/wp\/v2\/posts\/60414\/revisions\/60416"}],"wp:featuredmedia":[{"embeddable":true,"href":"https:\/\/www.actualidadadiario.com\/index.php\/wp-json\/wp\/v2\/media\/60415"}],"wp:attachment":[{"href":"https:\/\/www.actualidadadiario.com\/index.php\/wp-json\/wp\/v2\/media?parent=60414"}],"wp:term":[{"taxonomy":"category","embeddable":true,"href":"https:\/\/www.actualidadadiario.com\/index.php\/wp-json\/wp\/v2\/categories?post=60414"},{"taxonomy":"post_tag","embeddable":true,"href":"https:\/\/www.actualidadadiario.com\/index.php\/wp-json\/wp\/v2\/tags?post=60414"}],"curies":[{"name":"wp","href":"https:\/\/api.w.org\/{rel}","templated":true}]}}