{"id":60411,"date":"2020-04-16T15:16:17","date_gmt":"2020-04-16T18:16:17","guid":{"rendered":"https:\/\/www.actualidadadiario.com\/?p=60411"},"modified":"2020-04-16T15:16:17","modified_gmt":"2020-04-16T18:16:17","slug":"espana-suma-551-muertos-y-siguen-aumentando-los-contagios","status":"publish","type":"post","link":"https:\/\/www.actualidadadiario.com\/index.php\/2020\/04\/16\/espana-suma-551-muertos-y-siguen-aumentando-los-contagios\/","title":{"rendered":"Espa\u00f1a suma 551 muertos y siguen aumentando los contagios"},"content":{"rendered":"<p style=\"text-align: center;\"><em><strong>Adem\u00e1s 3.944 personas m\u00e1s recibieron el alta m\u00e9dica en las \u00faltimas 24 horas, elevando el total de curados hasta las 74.797<\/strong><\/em><\/p>\n<p>&nbsp;<\/p>\n<p>&nbsp;<\/p>\n<p>Espa\u00f1a sum\u00f3 hoy 551 muertos por coronavirus, un ascenso que sit\u00faa la cifra total de v\u00edctimas fatales en 19.130, mientras los contagios registraron 5.183 nuevos casos, con lo que ya son 182.816 los casos confirmados desde que comenz\u00f3 la pandemia.<\/p>\n<p>Por otro lado, 3.944 personas m\u00e1s recibieron el alta m\u00e9dica en las \u00faltimas 24 horas, elevando el total de curados hasta las 74.797 personas, seg\u00fan el \u00faltimo balance del Ministerio de Sanidad.<\/p>\n<p>&#8220;Aunque la tendencia siga siendo de estabilizaci\u00f3n y descendente, tenemos que seguir lamentando v\u00edctimas mortales&#8221;, dijo hoy Fernando Sim\u00f3n, el director del Centro de Alertas y Emergencias Sanitarias de Espa\u00f1a.<\/p>\n<p>Tal como asegur\u00f3 en la jornada previa, el experto del gobierno remarc\u00f3 que &#8220;incrementar las pruebas est\u00e1 haciendo subir los casos&#8221;, y que, &#8220;en algunas ocasiones, son personas que tuvieron la enfermedad hace tiempo y otros son asintom\u00e1ticos&#8221;.<\/p>\n<p>Esto supone, seg\u00fan Sim\u00f3n, &#8220;un reto de comunicaci\u00f3n&#8221;, ya que dificulta la lectura que se hace de los nuevos datos, pero es tambi\u00e9n &#8220;una buena noticia&#8221; porque se est\u00e1n haciendo 40.000 test, por d\u00eda, duplicando la capacidad de diagn\u00f3stico.<\/p>\n<p>No obstante, los nuevos datos sobre la evoluci\u00f3n de la epidemia llegaron hoy marcados por la pol\u00e9mica, ya que no incluyen a todos los fallecidos por Covid-19 registrados por las autoridades de la norte\u00f1a regi\u00f3n de Catalu\u00f1a en las residencia de ancianos y en domicilios privados.<\/p>\n<p>En Catalu\u00f1a, la segunda zona m\u00e1s afectada por la pandemia detr\u00e1s de Madrid, los fallecidos en los hospitales son 3.855 personas, tal como reflejan las cifras del Ministerio de Sanidad. Sin embargo, la cifra total de muertos contabilizados por la regi\u00f3n se elev\u00f3 hoy a 7.097.<\/p>\n<p>Por su parte, la Comunidad de Madrid, oficialmente la zona con mayor incidencia del virus, registr\u00f3 6.877 fallecidos por coronavirus, aunque solo cuenta a los muertos en los hospitales siguiendo el criterio del Ejecutivo central en funci\u00f3n de directrices de organismos europeos.<\/p>\n<p>Por ello, la cifra tambi\u00e9n ser\u00eda bastante m\u00e1s alta ya que las propias autoridades madrile\u00f1as detectaron 4.750 fallecidos en geri\u00e1tricos desde mediados de marzo hasta principios de abril, de los cuales solo 781 figuraban en las estad\u00edsticas de Covid-19.<\/p>\n<p>En este sentido, el vicepresidente madrile\u00f1o, Ignacio Aguado, consider\u00f3 &#8220;razonable&#8221; el nuevo m\u00e9todo de c\u00e1lculo de Catalu\u00f1a, tras considerar que la situaci\u00f3n ya es &#8220;bastante dram\u00e1tica&#8221; como para &#8220;intentar edulcorarla un poco con una guerra de cifras que no corresponde&#8221;.<\/p>\n<p>&#8220;Tenemos que discutir con las comunidades los datos procedentes de funerarias y residencias porque no tenemos seguridad de si tienen un diagn\u00f3stico previo de coronavirus&#8221;, respondi\u00f3 Sim\u00f3n.<\/p>\n<p>&#8220;Cada d\u00eda la cifra de curados es m\u00e1s alta; se lo debemos a los profesionales de salud que est\u00e1n realizando una labor extraordinaria&#8221;, asegur\u00f3 por su parte el Ministro de Sanidad, Salvador Illia, en una nueva comparecencia en comisi\u00f3n parlamentaria.<\/p>\n<p>Illia reiter\u00f3 que las medidas de confinamiento que est\u00e1n en marcha desde que se declar\u00f3 el estado de alarma el 14 de marzo, permitieron que Espa\u00f1a haya &#8220;alcanzado el pico de contagios&#8221; y ahora se est\u00e9 &#8220;doblegando la curva&#8221;, aunque a\u00fan &#8220;quedan semanas muy dif\u00edciles&#8221;.<\/p>\n<p>&#8220;Aunque la presi\u00f3n disminuy\u00f3 (en el sistema sanitario) debemos mantener las capacidades instaladas mientras exista riesgo de brote&#8221;, se\u00f1al\u00f3 el ministro, quien tambi\u00e9n reafirm\u00f3 el compromiso del gobierno de que &#8220;tan pronto sea posible&#8221;, en la fase de &#8220;desescalada&#8221; que comenzar\u00eda a partir del 26 de abril, &#8220;los ni\u00f1os puedan salir de forma ordenada a la calle&#8221;.<\/p>\n","protected":false},"excerpt":{"rendered":"<p>Adem\u00e1s 3.944 personas m\u00e1s recibieron el alta m\u00e9dica en las \u00faltimas 24 horas, elevando el total de curados hasta las 74.797 &nbsp; &nbsp; Espa\u00f1a sum\u00f3 hoy 551 muertos por coronavirus, un ascenso que sit\u00faa la cifra total de v\u00edctimas fatales en 19.130, mientras los contagios registraron 5.183 nuevos casos, con lo que ya son 182.816 los casos confirmados desde que comenz\u00f3 la pandemia. Por otro lado, 3.944 personas m\u00e1s recibieron el alta m\u00e9dica en las \u00faltimas 24 horas, elevando el total de curados hasta las 74.797 personas, seg\u00fan el \u00faltimo&#8230;<\/p>\n","protected":false},"author":3,"featured_media":60412,"comment_status":"closed","ping_status":"closed","sticky":false,"template":"","format":"standard","meta":[],"categories":[4],"tags":[],"_links":{"self":[{"href":"https:\/\/www.actualidadadiario.com\/index.php\/wp-json\/wp\/v2\/posts\/60411"}],"collection":[{"href":"https:\/\/www.actualidadadiario.com\/index.php\/wp-json\/wp\/v2\/posts"}],"about":[{"href":"https:\/\/www.actualidadadiario.com\/index.php\/wp-json\/wp\/v2\/types\/post"}],"author":[{"embeddable":true,"href":"https:\/\/www.actualidadadiario.com\/index.php\/wp-json\/wp\/v2\/users\/3"}],"replies":[{"embeddable":true,"href":"https:\/\/www.actualidadadiario.com\/index.php\/wp-json\/wp\/v2\/comments?post=60411"}],"version-history":[{"count":1,"href":"https:\/\/www.actualidadadiario.com\/index.php\/wp-json\/wp\/v2\/posts\/60411\/revisions"}],"predecessor-version":[{"id":60413,"href":"https:\/\/www.actualidadadiario.com\/index.php\/wp-json\/wp\/v2\/posts\/60411\/revisions\/60413"}],"wp:featuredmedia":[{"embeddable":true,"href":"https:\/\/www.actualidadadiario.com\/index.php\/wp-json\/wp\/v2\/media\/60412"}],"wp:attachment":[{"href":"https:\/\/www.actualidadadiario.com\/index.php\/wp-json\/wp\/v2\/media?parent=60411"}],"wp:term":[{"taxonomy":"category","embeddable":true,"href":"https:\/\/www.actualidadadiario.com\/index.php\/wp-json\/wp\/v2\/categories?post=60411"},{"taxonomy":"post_tag","embeddable":true,"href":"https:\/\/www.actualidadadiario.com\/index.php\/wp-json\/wp\/v2\/tags?post=60411"}],"curies":[{"name":"wp","href":"https:\/\/api.w.org\/{rel}","templated":true}]}}