{"id":60408,"date":"2020-04-16T15:15:37","date_gmt":"2020-04-16T18:15:37","guid":{"rendered":"https:\/\/www.actualidadadiario.com\/?p=60408"},"modified":"2020-04-16T15:15:37","modified_gmt":"2020-04-16T18:15:37","slug":"en-plena-pandemia-bolsonaro-cambia-ministro","status":"publish","type":"post","link":"https:\/\/www.actualidadadiario.com\/index.php\/2020\/04\/16\/en-plena-pandemia-bolsonaro-cambia-ministro\/","title":{"rendered":"En plena pandemia Bolsonaro cambia ministro"},"content":{"rendered":"<p style=\"text-align: center;\"><em><strong>Un grupo de expertos de hospitales de alta especializaci\u00f3n concluy\u00f3 que el n\u00famero real de contagiados es casi quince veces superior a los datos oficiales<\/strong><\/em><\/p>\n<p>&nbsp;<\/p>\n<p>&nbsp;<\/p>\n<p>Cuando los casos de infecci\u00f3n por el covid-19 empiezan a crecer de manera alucinada en Brasil, dos noticias concentraron la atenci\u00f3n. La primera: el ministro de Salud Luiz Henrique Mandetta est\u00e1 fuera del gobierno. Lo que no se sabe es cu\u00e1ndo, pero sobran indicios de que \u00e9l no pasar\u00e1 del viernes en el puesto asumido el primer d\u00eda de 2019, cuando el ultraderechista Jair Bolsonaro asum\u00eda la presidencia.<\/p>\n<p>Tan pronto el presidente encuentre a alguien m\u00e1s afinado con sus posiciones frente a la pandemia, Mandetta y su equipo de asesores, todos funcionarios del ministerio y con vasta experiencia, ser\u00e1n expelidos.<\/p>\n<p>La segunda noticia se refiere a la curva de la pandemia, que se expande a velocidades cada vez m\u00e1s altas. Este mi\u00e9rcoles se inform\u00f3 que en un d\u00eda se anotaron 204 nuevas muertes (un crecimiento de 13 por ciento), que ahora suman 1.736. Al mismo tiempo, se supo que el total de contaminados alcanz\u00f3 28.320 casos (3.058 nuevos casos en 24 horas, un aumento de 12 por ciento de un d\u00eda a otro).<\/p>\n<p>En San Pablo, epicentro de la crisis, se confirm\u00f3 que el 80 por ciento de las camas de unidades de terapia intensiva est\u00e1n ocupadas. En la provincia, en una semana el total de muertos experiment\u00f3 una suba del 82 por ciento.<\/p>\n<p>Son n\u00fameros impactantes, pero que traen un problema paralelo y especialmente grave: los datos oficiales est\u00e1n a leguas de distancia de los n\u00fameros reales.<\/p>\n<p>Hay una demora inmensa en llegar al resultado de las pruebas, que adem\u00e1s solo se aplican a los casos considerados especialmente graves. Mientras en Alemania se hicieron pruebas en alrededor de quince mil personas por mill\u00f3n de habitantes, y en otros pa\u00edses se mantuvieron el promedio de trece mil por mill\u00f3n, Brasil logr\u00f3, tambi\u00e9n en ese aspecto, mantenerse lej\u00edsimos de lo aconsejable.<\/p>\n<p>La Organizaci\u00f3n Mundial de Salud fue especialmente cr\u00edtica al analizar la proporci\u00f3n de pruebas aplicadas por mill\u00f3n de habitantes en Estados Unidos (alrededor de siete mil quinientas). Y al mismo tiempo, tuvo la piedad de no referirse a Brasil, donde el promedio proporcional es de alrededor de 300 pruebas de coronavirus por mill\u00f3n.<\/p>\n<p>A ra\u00edz de esa discrepancia severa, cient\u00edficos, investigadores y m\u00e9dicos trataron de trazar la distancia entre los datos oficiales y reales.<\/p>\n<p>Encabezados por hospitales de alta especializaci\u00f3n y de integrantes de la Fiocruz (Fundaci\u00f3n Osvaldo Cruz, adoptada por la Organizaci\u00f3n Mundial de Salud como referencia en epidemiolog\u00eda de Am\u00e9rica Latina en el combate al coronavirus), el grupo lleg\u00f3 a la asustadora conclusi\u00f3n de que el n\u00famero real es quince veces superior a los datos oficiales.<\/p>\n<p>Eso significa la aceleraci\u00f3n m\u00e1s elevada del planeta, compitiendo directamente con los Estados Unidos por el puesto de mayor devastaci\u00f3n causada por el virus. El gobierno se niega a confirmar tal proyecci\u00f3n, pero admite la extrema gravedad del cuadro.<\/p>\n<p>Al contrario de lo que asegur\u00f3 el presidente Bolsonaro en una bizarra transmisi\u00f3n del domingo de Pascua, cuando comparti\u00f3 espacio en la televisi\u00f3n con empresarios de la fe ajena que se auto-titulan pastores evang\u00e9licos, su todav\u00eda ministro de Salud traz\u00f3 un cuadro altamente preocupante para mayo y junio.<\/p>\n<p>En aquella ocasi\u00f3n, el ultraderechista afirm\u00f3 haber recibido informaciones (no indic\u00f3 sus fuentes) de que \u201cla cuesti\u00f3n del virus ese se est\u00e1 yendo\u201d.<\/p>\n<p>Ayer Mandetta, cercado por dos de sus m\u00e1s altos colaboradores, asegur\u00f3 exactamente lo contrario: por cuestiones clim\u00e1ticas, la curva alcanzar\u00e1 su pico a partir de mayo.<\/p>\n<p>El alerta, argument\u00f3, se debe a una observaci\u00f3n obvia: si en plena primavera Estados Unidos experimenta una ascensi\u00f3n devastadora del virus, \u00bfc\u00f3mo hubiera sido si tal expansi\u00f3n se diera entre oto\u00f1o e invierno?<\/p>\n<p>Pues eso es exactamente lo que pasar\u00e1 en Brasil: los registros comprueban que mayo es cuando se expanden los casos de enfermedades pulmonares, precisamente a ra\u00edz del cambio de clima.<\/p>\n<p>Destac\u00f3 que las provincias m\u00e1s afectadas ser\u00e1n justamente las de la regi\u00f3n sureste y sur, donde se concentra la mayor parte de la poblaci\u00f3n.<\/p>\n<p>La defenestraci\u00f3n del ministro Mandetta fue intentada, hace una semana, por Bolsonaro.<\/p>\n<p>Lo contuvieron los cuatro ministros militares que ocupan despachos en el palacio presidencial, con destaque para Walter Braga Netto, que poco a poco deja claro que mucho m\u00e1s que coordinador general del plan de combate al coronavirus se transforma en coordinador de la presidencia, relegando el ultraderechista a un rol cada vez m\u00e1s decorativo.<\/p>\n<p>Bolsonaro quiere librarse de su ministro por dos razones b\u00e1sicas y exclusivas.<\/p>\n<p>La primera: Mandetta se niega de manera firme a aconsejar el final del aislamiento social y la vuelta a la normalidad defendida por el ultraderechista.<\/p>\n<p>La segunda es indicativa de la personalidad err\u00e1tica y bizarra de Bolsonaro: pura envidia.<\/p>\n<p>Al fin y al cabo, su ministro cuenta con 76% de aprobaci\u00f3n popular, m\u00e1s que el doble de la del presidente.<\/p>\n","protected":false},"excerpt":{"rendered":"<p>Un grupo de expertos de hospitales de alta especializaci\u00f3n concluy\u00f3 que el n\u00famero real de contagiados es casi quince veces superior a los datos oficiales &nbsp; &nbsp; Cuando los casos de infecci\u00f3n por el covid-19 empiezan a crecer de manera alucinada en Brasil, dos noticias concentraron la atenci\u00f3n. La primera: el ministro de Salud Luiz Henrique Mandetta est\u00e1 fuera del gobierno. Lo que no se sabe es cu\u00e1ndo, pero sobran indicios de que \u00e9l no pasar\u00e1 del viernes en el puesto asumido el primer d\u00eda de 2019, cuando el ultraderechista&#8230;<\/p>\n","protected":false},"author":3,"featured_media":60409,"comment_status":"closed","ping_status":"closed","sticky":false,"template":"","format":"standard","meta":[],"categories":[4],"tags":[],"_links":{"self":[{"href":"https:\/\/www.actualidadadiario.com\/index.php\/wp-json\/wp\/v2\/posts\/60408"}],"collection":[{"href":"https:\/\/www.actualidadadiario.com\/index.php\/wp-json\/wp\/v2\/posts"}],"about":[{"href":"https:\/\/www.actualidadadiario.com\/index.php\/wp-json\/wp\/v2\/types\/post"}],"author":[{"embeddable":true,"href":"https:\/\/www.actualidadadiario.com\/index.php\/wp-json\/wp\/v2\/users\/3"}],"replies":[{"embeddable":true,"href":"https:\/\/www.actualidadadiario.com\/index.php\/wp-json\/wp\/v2\/comments?post=60408"}],"version-history":[{"count":1,"href":"https:\/\/www.actualidadadiario.com\/index.php\/wp-json\/wp\/v2\/posts\/60408\/revisions"}],"predecessor-version":[{"id":60410,"href":"https:\/\/www.actualidadadiario.com\/index.php\/wp-json\/wp\/v2\/posts\/60408\/revisions\/60410"}],"wp:featuredmedia":[{"embeddable":true,"href":"https:\/\/www.actualidadadiario.com\/index.php\/wp-json\/wp\/v2\/media\/60409"}],"wp:attachment":[{"href":"https:\/\/www.actualidadadiario.com\/index.php\/wp-json\/wp\/v2\/media?parent=60408"}],"wp:term":[{"taxonomy":"category","embeddable":true,"href":"https:\/\/www.actualidadadiario.com\/index.php\/wp-json\/wp\/v2\/categories?post=60408"},{"taxonomy":"post_tag","embeddable":true,"href":"https:\/\/www.actualidadadiario.com\/index.php\/wp-json\/wp\/v2\/tags?post=60408"}],"curies":[{"name":"wp","href":"https:\/\/api.w.org\/{rel}","templated":true}]}}