{"id":60405,"date":"2020-04-16T15:14:42","date_gmt":"2020-04-16T18:14:42","guid":{"rendered":"https:\/\/www.actualidadadiario.com\/?p=60405"},"modified":"2020-04-16T15:14:42","modified_gmt":"2020-04-16T18:14:42","slug":"bachelet-denuncio-la-represion-a-los-bolivianos-que-intentaban-volver-a-su-pais","status":"publish","type":"post","link":"https:\/\/www.actualidadadiario.com\/index.php\/2020\/04\/16\/bachelet-denuncio-la-represion-a-los-bolivianos-que-intentaban-volver-a-su-pais\/","title":{"rendered":"Bachelet denunci\u00f3 la represi\u00f3n a los bolivianos que intentaban volver a su pa\u00eds"},"content":{"rendered":"<p style=\"text-align: center;\"><em><strong>La Alta Comisionada de la ONU para los Derechos Humanos, Michelle Bachelet, pidi\u00f3 al gobierno de facto de Bolivia que permita el ingreso de 1300 ciudadanos bolivianos varados en la frontera con Chile<\/strong><\/em><\/p>\n<p>&nbsp;<\/p>\n<p>&nbsp;<\/p>\n<p>La Alta Comisionada de la ONU para los Derechos Humanos, Michelle Bachelet, pidi\u00f3 al gobierno de facto de Bolivia que permita el ingreso de 1300 ciudadanos bolivianos varados en la frontera con Chile. El pedido de la ex presidenta lleg\u00f3 d\u00edas despu\u00e9s de que esas personas fueran reprimidas por militares bolivianos cuando intentaban cruzar la frontera. La oficina de Bachelet denunci\u00f3 el hecho y critic\u00f3 al gobierno de facto, encabezado por Jeanine \u00c1\u00f1ez, por no dejarlos volver. A su vez, pidi\u00f3 que todos los gobiernos latinoamericanos permitan el retorno de sus ciudadanos.<\/p>\n<p>El organismo que preside Bachelet denunci\u00f3 las penurias que est\u00e1n pasando ancianos, ni\u00f1os y mujeres embarazadas bolivianas en la frontera con Chile. \u201cCientos de ellos tuvieron que dormir a la intemperie, con poca agua y comida, y con temperaturas inferiores a cero grados cent\u00edgrados&#8221;, inform\u00f3 la Alta Comisionada. Adem\u00e1s, recalc\u00f3 que el Derecho Internacional los protege para que puedan regresar a su pa\u00eds de origen, incluso durante una pandemia.<\/p>\n<p>Seg\u00fan la presidenta de facto de Bolivia los militares reprimieron porque se trat\u00f3 de un intento de desestabilizar a su gobierno. \u00c1\u00f1ez recalc\u00f3 que el mismo fue llevado adelante por simpatizantes del Movimiento al Socialismo (MAS), el partido del mandatario depuesto Evo Morales. Desde su exilio en Argentina, Morales rechaz\u00f3 esta acusaci\u00f3n y volvi\u00f3 a acusar a \u00c1\u00f1ez de estar usurpando ilegalmente el poder en Bolivia. &#8220;Lamento la insensibilidad del gobierno que no permite que nuestros hermanas y hermanos, muy humildes, muchos jornaleros que han perdido por la pandemia su trabajo en Chile, ingresen a Bolivia&#8221;, sostuvo el exmandatario. La oficina de Bachelet no reprodujo la versi\u00f3n de \u00c1\u00f1ez. En cambio, denunci\u00f3 la represi\u00f3n a los migrantes bolivianos y la negativa de su pa\u00eds de dejarlos retornar.<\/p>\n<p>Esta semana, los gobiernos de Chile y Bolivia llegaron a un acuerdo sobre la situaci\u00f3n de los migrantes que quieran cruzar la frontera. Los bolivianos que deseen regresar a su pa\u00eds ser\u00e1n trasladados a un campamento especial en la ciudad chilena de Iquique. All\u00ed deber\u00e1n hacer una cuarentena de 14 d\u00edas, hasta que puedan ser enviados al campamento para retornados de Pisiga, en Bolivia.<\/p>\n<p>Bachelet remarc\u00f3 que son varios los casos de migrantes bloqueados o incluso discriminados en zonas fronterizas de toda Latinoam\u00e9rica. Por eso inst\u00f3 a los gobiernos de la regi\u00f3n a garantizar el regreso seguro, digno y voluntario de sus ciudadanos, as\u00ed como su reincorporaci\u00f3n sostenible a la sociedad. En general son los migrantes m\u00e1s pobres los que tratan de regresar a sus casas a trav\u00e9s de las fronteras terrestres. Sin embargo, al hacerlo se ven impedidos por las medidas impuestas para frenar el Covid-19, recalc\u00f3 la expresidenta de Chile. &#8220;Si los gobiernos no les permiten volver, colocan a los migrantes en situaciones de extrema vulnerabilidad, en particular durante la actual pandemia&#8221;, sostuvo Bachelet. Tambi\u00e9n, exhort\u00f3 a los mandatarios a incluir a todos los migrantes, cualquiera sea su estatus migratorio, en los planes de prevenci\u00f3n, respuesta y recuperaci\u00f3n del coronavirus. La Alta Comisionada pidi\u00f3 que estas personas tengan acceso equitativo a informaci\u00f3n, test, cuidados sanitarios y protecci\u00f3n social.<\/p>\n","protected":false},"excerpt":{"rendered":"<p>La Alta Comisionada de la ONU para los Derechos Humanos, Michelle Bachelet, pidi\u00f3 al gobierno de facto de Bolivia que permita el ingreso de 1300 ciudadanos bolivianos varados en la frontera con Chile &nbsp; &nbsp; La Alta Comisionada de la ONU para los Derechos Humanos, Michelle Bachelet, pidi\u00f3 al gobierno de facto de Bolivia que permita el ingreso de 1300 ciudadanos bolivianos varados en la frontera con Chile. El pedido de la ex presidenta lleg\u00f3 d\u00edas despu\u00e9s de que esas personas fueran reprimidas por militares bolivianos cuando intentaban cruzar la&#8230;<\/p>\n","protected":false},"author":3,"featured_media":60406,"comment_status":"closed","ping_status":"closed","sticky":false,"template":"","format":"standard","meta":[],"categories":[4],"tags":[],"_links":{"self":[{"href":"https:\/\/www.actualidadadiario.com\/index.php\/wp-json\/wp\/v2\/posts\/60405"}],"collection":[{"href":"https:\/\/www.actualidadadiario.com\/index.php\/wp-json\/wp\/v2\/posts"}],"about":[{"href":"https:\/\/www.actualidadadiario.com\/index.php\/wp-json\/wp\/v2\/types\/post"}],"author":[{"embeddable":true,"href":"https:\/\/www.actualidadadiario.com\/index.php\/wp-json\/wp\/v2\/users\/3"}],"replies":[{"embeddable":true,"href":"https:\/\/www.actualidadadiario.com\/index.php\/wp-json\/wp\/v2\/comments?post=60405"}],"version-history":[{"count":1,"href":"https:\/\/www.actualidadadiario.com\/index.php\/wp-json\/wp\/v2\/posts\/60405\/revisions"}],"predecessor-version":[{"id":60407,"href":"https:\/\/www.actualidadadiario.com\/index.php\/wp-json\/wp\/v2\/posts\/60405\/revisions\/60407"}],"wp:featuredmedia":[{"embeddable":true,"href":"https:\/\/www.actualidadadiario.com\/index.php\/wp-json\/wp\/v2\/media\/60406"}],"wp:attachment":[{"href":"https:\/\/www.actualidadadiario.com\/index.php\/wp-json\/wp\/v2\/media?parent=60405"}],"wp:term":[{"taxonomy":"category","embeddable":true,"href":"https:\/\/www.actualidadadiario.com\/index.php\/wp-json\/wp\/v2\/categories?post=60405"},{"taxonomy":"post_tag","embeddable":true,"href":"https:\/\/www.actualidadadiario.com\/index.php\/wp-json\/wp\/v2\/tags?post=60405"}],"curies":[{"name":"wp","href":"https:\/\/api.w.org\/{rel}","templated":true}]}}