{"id":60402,"date":"2020-04-16T15:13:23","date_gmt":"2020-04-16T18:13:23","guid":{"rendered":"https:\/\/www.actualidadadiario.com\/?p=60402"},"modified":"2020-04-16T15:13:23","modified_gmt":"2020-04-16T18:13:23","slug":"coronavirus-la-corte-suprema-comenzaria-a-definir-si-el-senado-sesiona-por-videoconferencia","status":"publish","type":"post","link":"https:\/\/www.actualidadadiario.com\/index.php\/2020\/04\/16\/coronavirus-la-corte-suprema-comenzaria-a-definir-si-el-senado-sesiona-por-videoconferencia\/","title":{"rendered":"Coronavirus: La Corte Suprema comenzar\u00eda a definir si el Senado sesiona por videoconferencia"},"content":{"rendered":"<p style=\"text-align: center;\"><em><strong>La presentaci\u00f3n que hizo Cristina Fern\u00e1ndez de Kirchner, como titular del Senado, a la que se sum\u00f3 el planteo Sergio Massa desde la C\u00e1mara de Diputados, resulta clave para tratar el proyecto del impuesto a las grandes fortunas<\/strong><\/em><\/p>\n<p>&nbsp;<\/p>\n<p>La Corte Suprema ya delibera a distancia pero, en medio de peleas internas, no est\u00e1 claro si podr\u00e1 concretar un acuerdo por videoconferencia. La agenda suprema tiene como asunto protag\u00f3nico la presentaci\u00f3n de la vicepresidenta y titular del Senado Cristina Fern\u00e1ndez de Kirchner que pide una definici\u00f3n sobre la validez constitucional de celebrar sesiones en el Congreso por videoconferencia. El planteo, al que se sum\u00f3 por la C\u00e1mara de Diputados su titular, Sergio Massa, intenta evitar o minimizar reclamos futuros en caso de que se apruebe una ley, como podr\u00eda ocurrir con el proyecto sobre el impuesto a las grandes fortunas que tendr\u00e1 respaldo del Poder Ejecutivo. Un eventual encuentro a distancia no implica que haya una resoluci\u00f3n inmediata, aunque la l\u00f3gica ser\u00eda que no pase de los pr\u00f3ximos d\u00edas dada la posibilidad inminente de un debate parlamentario. El tribunal planea, adem\u00e1s, reinstalar una lista de posibles fallos en causas que ya hayan circulado por la mayor\u00eda de los despachos.<\/p>\n<p>El presidente de la Corte, Carlos Rosenkrantz, que es el juez \u201cde feria\u201d ya le encomend\u00f3 a uno de los secretarios de turno que elabore un proyecto. En el tribunal se muestran enigm\u00e1ticos sobre la respuesta que dar\u00e1n, aunque en algunos despachos dejan en claro que ellos mismos adoptaron para s\u00ed la posibilidad de deliberar de manera remota y la necesidad de que el Poder Judicial comience a trabajar de ese modo.<\/p>\n<p>En el Gobierno esperan una respuesta favorable al planteo, que en t\u00e9rminos t\u00e9cnicos se llama \u201cacci\u00f3n declarativa de certeza\u201d, ya que se les pide a los jueces que se expidan sobre una duda constitucional ante una situaci\u00f3n extraordinaria como la que plantea la pandemia del Covid-19, que impide que el Congreso se re\u00fana de manera presencial por los peligros que implica para la salud de sus integrantes y todas las personas que trabajan all\u00ed y cuando la regla es el aislamiento social preventivo y obligatorio. La presentaci\u00f3n de Fern\u00e1ndez de Kirchner pide que se haga cesar el estado de incertidumbre dado que el Poder Ejecutivo no puede dictar decretos de necesidad y urgencia en materia tributaria y penal.<\/p>\n<p>Seg\u00fan la presentaci\u00f3n que hizo Graciana Pe\u00f1afort, titular de asuntos Jur\u00eddicos del Senado, en el caso de esta c\u00e1mara situaciones de gravedad institucional podr\u00edan funcionar como excepci\u00f3n a la regla de sesionar de manera presencial. En Diputados el reglamento se\u00f1ala casos de fuerza mayor. Por otro lado, CFK hace menci\u00f3n a la disposici\u00f3n que la Corte tom\u00f3 para sus propias deliberaciones.<\/p>\n<p>Un punto clave, en t\u00e9rminos de tiempos, ser\u00e1 si los supremos aceptan su \u201ccompetencia originaria\u201d para fallar en este pedido, o si deciden mandarlo a un juzgado de primera instancia que defina. Algunos juristas advierten que por lo general la Corte se saca de encima planteos que hacen a la mec\u00e1nica parlamentaria y decide una vez que se cuestiona la validez de una ley. Un argumento posible ser\u00eda que los reglamentos del Congreso son cuestiones pol\u00edticas no judiciables; otro de los mencionados es que \u201cno hay caso\u201d, aunque la respuesta a esto tambi\u00e9n puede ser que haya una sesi\u00f3n convocada.<\/p>\n<p>Lo cierto es que en el universo jur\u00eddico muchos tambi\u00e9n admiten la circunstancia completamente at\u00edpica que se vive y la necesidad de que el Congreso funcione y este asunto tenga r\u00e1pida resoluci\u00f3n. As\u00ed lo explicaron, como inform\u00f3 ayer este diario, los constitucionalistas Gustavo Arballo y Andr\u00e9s Gil Dom\u00ednguez.<\/p>\n<p>Una duda sobre la posibilidad de que un fallo se firme pronto es que no estar\u00eda habilitada dentro de la Corte la firma electr\u00f3nica a\u00fan. Tampoco est\u00e1 claro que se pueda concretar el acuerdo por videoconferencia: durante todo el mi\u00e9rcoles hubo idas y vueltas sobre esa convocatoria. La presidencia convocaba pero se encontr\u00f3 con resistencias. La pelea Rosenkrantz-Ricardo Lorenzetti se filtra en estas y otras situaciones.<\/p>\n<p>Mientras tanto, se reunir\u00e1 \u2014con mayor certeza\u2014 con la t\u00e9cnica remota por la ma\u00f1ana el Consejo de la Magistratura, con un temario que lo vincula con la Corte: el organismo probablemente emita una nota donde les informe a los supremos oficialmente su situaci\u00f3n deficitaria y el pedido (o insinuaci\u00f3n) de fondos. Se estima que faltar\u00e1n 15.000 millones de pesos de junio a diciembre para el pago de salarios en el Poder Judicial. En el cuerpo hay quienes aspiran a que la Corte habilite dinero de su fondo antic\u00edclico. Por otro lado, pedir\u00edan fondo tambi\u00e9n para implementar reformas tecnol\u00f3gicas que el m\u00e1ximo tribunal estableci\u00f3 en su \u00faltima acordada que plantea el funcionamiento a distancia. Y har\u00e1n alguna reforma reglamentaria para que la justicia pueda funcionar de ese modo.<\/p>\n","protected":false},"excerpt":{"rendered":"<p>La presentaci\u00f3n que hizo Cristina Fern\u00e1ndez de Kirchner, como titular del Senado, a la que se sum\u00f3 el planteo Sergio Massa desde la C\u00e1mara de Diputados, resulta clave para tratar el proyecto del impuesto a las grandes fortunas &nbsp; La Corte Suprema ya delibera a distancia pero, en medio de peleas internas, no est\u00e1 claro si podr\u00e1 concretar un acuerdo por videoconferencia. La agenda suprema tiene como asunto protag\u00f3nico la presentaci\u00f3n de la vicepresidenta y titular del Senado Cristina Fern\u00e1ndez de Kirchner que pide una definici\u00f3n sobre la validez constitucional&#8230;<\/p>\n","protected":false},"author":3,"featured_media":60403,"comment_status":"closed","ping_status":"closed","sticky":false,"template":"","format":"standard","meta":[],"categories":[18],"tags":[],"_links":{"self":[{"href":"https:\/\/www.actualidadadiario.com\/index.php\/wp-json\/wp\/v2\/posts\/60402"}],"collection":[{"href":"https:\/\/www.actualidadadiario.com\/index.php\/wp-json\/wp\/v2\/posts"}],"about":[{"href":"https:\/\/www.actualidadadiario.com\/index.php\/wp-json\/wp\/v2\/types\/post"}],"author":[{"embeddable":true,"href":"https:\/\/www.actualidadadiario.com\/index.php\/wp-json\/wp\/v2\/users\/3"}],"replies":[{"embeddable":true,"href":"https:\/\/www.actualidadadiario.com\/index.php\/wp-json\/wp\/v2\/comments?post=60402"}],"version-history":[{"count":1,"href":"https:\/\/www.actualidadadiario.com\/index.php\/wp-json\/wp\/v2\/posts\/60402\/revisions"}],"predecessor-version":[{"id":60404,"href":"https:\/\/www.actualidadadiario.com\/index.php\/wp-json\/wp\/v2\/posts\/60402\/revisions\/60404"}],"wp:featuredmedia":[{"embeddable":true,"href":"https:\/\/www.actualidadadiario.com\/index.php\/wp-json\/wp\/v2\/media\/60403"}],"wp:attachment":[{"href":"https:\/\/www.actualidadadiario.com\/index.php\/wp-json\/wp\/v2\/media?parent=60402"}],"wp:term":[{"taxonomy":"category","embeddable":true,"href":"https:\/\/www.actualidadadiario.com\/index.php\/wp-json\/wp\/v2\/categories?post=60402"},{"taxonomy":"post_tag","embeddable":true,"href":"https:\/\/www.actualidadadiario.com\/index.php\/wp-json\/wp\/v2\/tags?post=60402"}],"curies":[{"name":"wp","href":"https:\/\/api.w.org\/{rel}","templated":true}]}}