{"id":60399,"date":"2020-04-16T15:12:29","date_gmt":"2020-04-16T18:12:29","guid":{"rendered":"https:\/\/www.actualidadadiario.com\/?p=60399"},"modified":"2020-04-16T15:12:29","modified_gmt":"2020-04-16T18:12:29","slug":"la-presencia-de-los-gobernadores-va-a-dar-mas-respaldo-a-la-propuesta-de-la-deuda","status":"publish","type":"post","link":"https:\/\/www.actualidadadiario.com\/index.php\/2020\/04\/16\/la-presencia-de-los-gobernadores-va-a-dar-mas-respaldo-a-la-propuesta-de-la-deuda\/","title":{"rendered":"&#8220;La presencia de los gobernadores va a dar m\u00e1s respaldo a la propuesta de la deuda&#8221;"},"content":{"rendered":"<p style=\"text-align: center;\"><em><strong>&#8220;Wado&#8221; De Pedro confirm\u00f3 la reuni\u00f3n en Olivos en la que Alberto Fern\u00e1ndez les informar\u00e1 a los mandatarios provinciales cu\u00e1l es la propuesta de reformulaci\u00f3n de la deuda que presentar\u00e1 ante los acreedores externos. Se espera asistencia perfecta para las 16 horas<\/strong><\/em><\/p>\n<p>&nbsp;<\/p>\n<p>&nbsp;<\/p>\n<p>Los gobernadores en su totalidad aseguraron su presencia en la Casa Rosada.<\/p>\n<p>El ministro del Interior, Eduardo de Pedro, confirm\u00f3 as\u00ed la reuni\u00f3n en la que el presidente, Alberto Fern\u00e1ndez, les informar\u00e1 cu\u00e1l ser\u00e1 la propuesta de reformulaci\u00f3n de la deuda que presentar\u00e1 ante los acreedores externos.<\/p>\n<p>&#8220;El Presidente nos instruy\u00f3 a convocar a los gobernadores para una reuni\u00f3n hoy a las 16 horas donde el ministro de Econom\u00eda va a presentar y contar cu\u00e1l es la propuesta respecto de la deuda. La presencia de todos los gobernadores va a dar m\u00e1s respaldo&#8221;, apunt\u00f3 el ministro garantizando que gobernadores oficialistas y opositores asistir\u00e1n al encuentro en Balcarce 50.<\/p>\n<p>Luego de la presentaci\u00f3n de hoy, Guzm\u00e1n comunicar\u00e1 entre jueves y viernes la propuesta a bonistas y fondos de inversi\u00f3n y a partir de entonces comenzar\u00e1 el &#8216;road show&#8217; virtual para sumar adhesiones y lograr una r\u00e1pida negociaci\u00f3n.<\/p>\n<p>&#8220;Pese al coronavirus llegamos con los tiempos&#8221;, se\u00f1alaron desde el entorno de Guzm\u00e1n. Si bien se dilataron en un par de semanas algunas presentaciones, hoy se conocer\u00e1 la oferta final que har\u00e1 el Gobierno nacional, dentro del tiempo estipulado, y se iniciar\u00e1 una dura negociaci\u00f3n con bonistas y fondos de inversi\u00f3n.<\/p>\n<p>En el equipo econ\u00f3mico entienden adem\u00e1s que desaprovechar este contexto de pandemia, en el cual se pone en tela de juicio las deudas financieras de pa\u00edses en problemas, ser\u00eda un desacierto. El propio Fondo Monetario hab\u00eda reconocido antes de que se desatara la pandemia del Covid-19<\/p>\n","protected":false},"excerpt":{"rendered":"<p>&#8220;Wado&#8221; De Pedro confirm\u00f3 la reuni\u00f3n en Olivos en la que Alberto Fern\u00e1ndez les informar\u00e1 a los mandatarios provinciales cu\u00e1l es la propuesta de reformulaci\u00f3n de la deuda que presentar\u00e1 ante los acreedores externos. Se espera asistencia perfecta para las 16 horas &nbsp; &nbsp; Los gobernadores en su totalidad aseguraron su presencia en la Casa Rosada. El ministro del Interior, Eduardo de Pedro, confirm\u00f3 as\u00ed la reuni\u00f3n en la que el presidente, Alberto Fern\u00e1ndez, les informar\u00e1 cu\u00e1l ser\u00e1 la propuesta de reformulaci\u00f3n de la deuda que presentar\u00e1 ante los acreedores&#8230;<\/p>\n","protected":false},"author":3,"featured_media":60400,"comment_status":"closed","ping_status":"closed","sticky":false,"template":"","format":"standard","meta":[],"categories":[18],"tags":[],"_links":{"self":[{"href":"https:\/\/www.actualidadadiario.com\/index.php\/wp-json\/wp\/v2\/posts\/60399"}],"collection":[{"href":"https:\/\/www.actualidadadiario.com\/index.php\/wp-json\/wp\/v2\/posts"}],"about":[{"href":"https:\/\/www.actualidadadiario.com\/index.php\/wp-json\/wp\/v2\/types\/post"}],"author":[{"embeddable":true,"href":"https:\/\/www.actualidadadiario.com\/index.php\/wp-json\/wp\/v2\/users\/3"}],"replies":[{"embeddable":true,"href":"https:\/\/www.actualidadadiario.com\/index.php\/wp-json\/wp\/v2\/comments?post=60399"}],"version-history":[{"count":1,"href":"https:\/\/www.actualidadadiario.com\/index.php\/wp-json\/wp\/v2\/posts\/60399\/revisions"}],"predecessor-version":[{"id":60401,"href":"https:\/\/www.actualidadadiario.com\/index.php\/wp-json\/wp\/v2\/posts\/60399\/revisions\/60401"}],"wp:featuredmedia":[{"embeddable":true,"href":"https:\/\/www.actualidadadiario.com\/index.php\/wp-json\/wp\/v2\/media\/60400"}],"wp:attachment":[{"href":"https:\/\/www.actualidadadiario.com\/index.php\/wp-json\/wp\/v2\/media?parent=60399"}],"wp:term":[{"taxonomy":"category","embeddable":true,"href":"https:\/\/www.actualidadadiario.com\/index.php\/wp-json\/wp\/v2\/categories?post=60399"},{"taxonomy":"post_tag","embeddable":true,"href":"https:\/\/www.actualidadadiario.com\/index.php\/wp-json\/wp\/v2\/tags?post=60399"}],"curies":[{"name":"wp","href":"https:\/\/api.w.org\/{rel}","templated":true}]}}