{"id":60392,"date":"2020-04-16T15:10:34","date_gmt":"2020-04-16T18:10:34","guid":{"rendered":"https:\/\/www.actualidadadiario.com\/?p=60392"},"modified":"2020-04-16T15:10:34","modified_gmt":"2020-04-16T18:10:34","slug":"la-oposicion-quiere-sesionar-de-manera-presencial","status":"publish","type":"post","link":"https:\/\/www.actualidadadiario.com\/index.php\/2020\/04\/16\/la-oposicion-quiere-sesionar-de-manera-presencial\/","title":{"rendered":"La oposici\u00f3n quiere sesionar de manera presencial"},"content":{"rendered":"<p style=\"text-align: center;\"><em><strong>El interbloque de diputados de Juntos por el Cambio volvi\u00f3 a insistir en que la C\u00e1mara baja sesione de manera presencial, al tiempo que relegan la posibilidad de hacerlo de manera virtual \u201csolo en caso de fuerza mayor\u201d<\/strong><\/em><\/p>\n<p>&nbsp;<\/p>\n<p>&nbsp;<\/p>\n<p>En una extensa carta dirigida al presidente de la C\u00e1mara de Diputados, Sergio Massa, los titulares de los bloques que conforman la alianza opositora reclamaron que funcione la comisi\u00f3n bicameral de Tr\u00e1mite Legislativo para \u201cejercer el control\u201d de los Decretos de Necesidad y Urgencia (DNU) dictados por el presidente Alberto Fern\u00e1ndez en el marco de la pandemia del Covid-19, y que el jefe de Gabinete, Santiago Cafiero, rinda el informe de gesti\u00f3n al Parlamento.<\/p>\n<p>Adem\u00e1s, exigieron que el Ejecutivo responda 79 pedidos de informe relacionados con la pandemia que solicitaron sus legisladores, a pesar que ya nueve ministros expusieron y respondieron preguntas en videoconferencias ante las comisiones legislativas de la C\u00e1mara baja y del Senado.<\/p>\n<p>En el Frente de Todos, prefirieron no responder p\u00fablicamente al reclamo opositor. Los esfuerzos del oficialismo est\u00e1n concentrados en garantizar todas las medidas t\u00e9cnicas y legales para que el Congreso sesione de manera virtual. Entonces, all\u00ed la prioridad ser\u00e1 el impuesto extraordinario a las grandes riquezas. Un proyecto que tiene el aval del Gobierno pero que \u201ctodav\u00eda no est\u00e1 cerrado\u201d. El jefe de la bancada de diputados, M\u00e1ximo Kirchner, y el presidente de la comisi\u00f3n de Presupuesto, Carlos Heller, ya trabajan en los detalles y el trazo fino de la iniciativa que busca generar recursos &#8211;estimados en 3 mil millones de d\u00f3lares&#8211; para que el Estado afronte los problemas econ\u00f3micos que provoca el coronavirus.<\/p>\n<p>\u201cEs cierto que, en la C\u00e1mara de Diputados, por una cuesti\u00f3n sanitaria, no pod\u00edamos estar pegados 257 diputados. Hoy hemos estado trabajando mucho para ver si podemos sesionar virtualmente, pero si no se pudiera yo tengo mi opini\u00f3n de que se busque un teatro o un estadio, para que no est\u00e9n los diputados pegados unos con otros; es fundamental darle visibilidad al Parlamento\u201d, insisti\u00f3 el jefe del interbloque de Juntos por Cambio, Mario Negri, en declaraciones radiales.<\/p>\n<p>De todas maneras, Negri (UCR) junto a Cristian Ritondo (PRO) y Maximiliano Ferraro (CC), le pidieron recaudos a Massa para sesionar virtualmente. \u201cSabemos que la adopci\u00f3n de un sistema electr\u00f3nico o telem\u00e1tico para la realizaci\u00f3n de la sesi\u00f3n implicar\u00e1 sin dudas contar con la tecnolog\u00eda -tanto el software como el hardware- adecuada, certificada, auditada y monitoreada para garantizar la integridad del sistema, la conectividad sin interrupciones, la identificaci\u00f3n remota de los legisladores, el uso de la palabra y dem\u00e1s prescripciones reglamentarias para el desarrollo de la sesi\u00f3n y las votaciones en general y en particular\u201d, dijeron en\u00a0 la carta enviada al titular de la C\u00e1mara baja.<\/p>\n<p>En tanto, diputados y senadores opositores salieron a cuestionar el pedido de la vicepresidente y presidenta del Senado, Cristina Fern\u00e1ndez de Kirchner, para que la Corte Suprema de Justicia avale las sesiones no presenciales, porque \u201cse trata de una decisi\u00f3n que debe tomar del Congreso\u201d. Pero no hubo ninguna referencia a los antecedentes con los que opositores y sectores concentrados judicializaron y frenaron la implementaci\u00f3n de leyes aprobadas por el Parlamento.<\/p>\n","protected":false},"excerpt":{"rendered":"<p>El interbloque de diputados de Juntos por el Cambio volvi\u00f3 a insistir en que la C\u00e1mara baja sesione de manera presencial, al tiempo que relegan la posibilidad de hacerlo de manera virtual \u201csolo en caso de fuerza mayor\u201d &nbsp; &nbsp; En una extensa carta dirigida al presidente de la C\u00e1mara de Diputados, Sergio Massa, los titulares de los bloques que conforman la alianza opositora reclamaron que funcione la comisi\u00f3n bicameral de Tr\u00e1mite Legislativo para \u201cejercer el control\u201d de los Decretos de Necesidad y Urgencia (DNU) dictados por el presidente Alberto&#8230;<\/p>\n","protected":false},"author":3,"featured_media":60394,"comment_status":"closed","ping_status":"closed","sticky":false,"template":"","format":"standard","meta":[],"categories":[18],"tags":[],"_links":{"self":[{"href":"https:\/\/www.actualidadadiario.com\/index.php\/wp-json\/wp\/v2\/posts\/60392"}],"collection":[{"href":"https:\/\/www.actualidadadiario.com\/index.php\/wp-json\/wp\/v2\/posts"}],"about":[{"href":"https:\/\/www.actualidadadiario.com\/index.php\/wp-json\/wp\/v2\/types\/post"}],"author":[{"embeddable":true,"href":"https:\/\/www.actualidadadiario.com\/index.php\/wp-json\/wp\/v2\/users\/3"}],"replies":[{"embeddable":true,"href":"https:\/\/www.actualidadadiario.com\/index.php\/wp-json\/wp\/v2\/comments?post=60392"}],"version-history":[{"count":1,"href":"https:\/\/www.actualidadadiario.com\/index.php\/wp-json\/wp\/v2\/posts\/60392\/revisions"}],"predecessor-version":[{"id":60395,"href":"https:\/\/www.actualidadadiario.com\/index.php\/wp-json\/wp\/v2\/posts\/60392\/revisions\/60395"}],"wp:featuredmedia":[{"embeddable":true,"href":"https:\/\/www.actualidadadiario.com\/index.php\/wp-json\/wp\/v2\/media\/60394"}],"wp:attachment":[{"href":"https:\/\/www.actualidadadiario.com\/index.php\/wp-json\/wp\/v2\/media?parent=60392"}],"wp:term":[{"taxonomy":"category","embeddable":true,"href":"https:\/\/www.actualidadadiario.com\/index.php\/wp-json\/wp\/v2\/categories?post=60392"},{"taxonomy":"post_tag","embeddable":true,"href":"https:\/\/www.actualidadadiario.com\/index.php\/wp-json\/wp\/v2\/tags?post=60392"}],"curies":[{"name":"wp","href":"https:\/\/api.w.org\/{rel}","templated":true}]}}