{"id":60386,"date":"2020-04-16T15:08:15","date_gmt":"2020-04-16T18:08:15","guid":{"rendered":"https:\/\/www.actualidadadiario.com\/?p=60386"},"modified":"2020-04-16T15:08:15","modified_gmt":"2020-04-16T18:08:15","slug":"alberto-fernandez-nosotros-mostramos-lo-mejor-que-tenemos-como-pueblo","status":"publish","type":"post","link":"https:\/\/www.actualidadadiario.com\/index.php\/2020\/04\/16\/alberto-fernandez-nosotros-mostramos-lo-mejor-que-tenemos-como-pueblo\/","title":{"rendered":"Alberto Fern\u00e1ndez: &#8220;Nosotros mostramos lo mejor que tenemos como pueblo&#8221;"},"content":{"rendered":"<p style=\"text-align: center;\"><em><strong>El presidente Alberto Fern\u00e1ndez encabez\u00f3 este mi\u00e9rcoles, en el partido bonaerense de La Matanza, la presentaci\u00f3n de un nuevo contingente de personal de Gendarmer\u00eda, que realizar\u00e1 tareas de control en ese partido<\/strong><\/em><\/p>\n<p>&nbsp;<\/p>\n<p>&nbsp;<\/p>\n<p>El presidente junto al gobernador de la provincia, Axel Kicillof, presentaron las fuerzas que deber\u00e1n garantizar el cumplimiento del aislamiento social, preventivo y obligatorio dispuesto por el gobierno nacional. Durante el discurso agradeci\u00f3 a las fuerzas de seguridad \u201cpor su esfuerzo, templanza y compromiso\u201d y sostuvo que &#8220;estamos haciendo lo que hay que hacer, en el camino correcto, pero falta mucho para hacer\u201d en el marco de la pandemia por coronavirus.<\/p>\n<p>El mandatario agradeci\u00f3 a las Fuerzas de Seguridad que \u201ctodos los d\u00edas salen a la calle, se arriesgan al contagio, se exponen como cada hombre y mujer de la salud que trabaja tratando de socorrer a los que lo necesitan, como los que abren comedores y merenderos en estos barrios para acercar su solidaridad a los argentinos.&#8221;<\/p>\n<p>\u201cHemos logrado triplicar el n\u00famero de gendarmes en el distrito m\u00e1s populoso de la provincia de Buenos Aires\u201d, destac\u00f3 durante el evento que tuvo lugar en la Escuela de Gendarmer\u00eda Nacional General don Mart\u00edn Miguel de G\u00fcemes, en la localidad de Ciudad Evita.<\/p>\n<p>El presidente critic\u00f3 a quienes \u201cnos han llenado de palabras y nos dejaron en la miseria\u201d y enfatiz\u00f3: \u201cLa econom\u00eda pas\u00f3 muchos malos momentos y nos recuperamos, pero no vamos a recuperar nuestra dignidad si dejamos caer en la enfermedad y en la muerte a nuestros compatriotas\u201d.<\/p>\n<p>\u201cQue nadie piense que por cuidar la salud de los argentinos estamos descuidando el futuro de los argentinos. Nosotros mostramos el honor el compromiso y la solidaridad\u201d, destac\u00f3. Subray\u00f3 que \u201cvamos avanzando con decisi\u00f3n, con firmeza y con resultados que nos dan tranquilidad. Estamos muy lejos de haber ganado la batalla, pero estamos en el camino correcto\u201d.<\/p>\n<p>Acompa\u00f1\u00f3 al mandatario la ministra de Seguridad, Sabina Frederic y particip\u00f3 el intendente de La Matanza, Fernando Espinoza. Seg\u00fan anticip\u00f3 el jefe comunal matancero, entrar\u00e1 en funciones una dotaci\u00f3n de 250 gendarmes y 15 veh\u00edculos para reforzar las tareas de seguridad en el municipio. \u201cHoy es un d\u00eda feliz para La Matanza. El presidente vino a hacer realidad nuestro pedido desde hace m\u00e1s de cuatro a\u00f1os: que la Gendarmer\u00eda Nacional vuelva a patrullar las calles de La Matanza. Hoy estamos dando respuesta a un reclamo de todas nuestras vecinas y vecinos. Que vuelva a nuestras calles una instituci\u00f3n tan querida por nuestros ciudadanos nos genera mucha tranquilidad, porque la Gendarmer\u00eda vino para cuidar el mejor capital que tenemos, nuestra gente\u201d, dijo Espinoza tras finalizar el acto.<\/p>\n","protected":false},"excerpt":{"rendered":"<p>El presidente Alberto Fern\u00e1ndez encabez\u00f3 este mi\u00e9rcoles, en el partido bonaerense de La Matanza, la presentaci\u00f3n de un nuevo contingente de personal de Gendarmer\u00eda, que realizar\u00e1 tareas de control en ese partido &nbsp; &nbsp; El presidente junto al gobernador de la provincia, Axel Kicillof, presentaron las fuerzas que deber\u00e1n garantizar el cumplimiento del aislamiento social, preventivo y obligatorio dispuesto por el gobierno nacional. Durante el discurso agradeci\u00f3 a las fuerzas de seguridad \u201cpor su esfuerzo, templanza y compromiso\u201d y sostuvo que &#8220;estamos haciendo lo que hay que hacer, en el&#8230;<\/p>\n","protected":false},"author":3,"featured_media":60387,"comment_status":"closed","ping_status":"closed","sticky":false,"template":"","format":"standard","meta":[],"categories":[18],"tags":[],"_links":{"self":[{"href":"https:\/\/www.actualidadadiario.com\/index.php\/wp-json\/wp\/v2\/posts\/60386"}],"collection":[{"href":"https:\/\/www.actualidadadiario.com\/index.php\/wp-json\/wp\/v2\/posts"}],"about":[{"href":"https:\/\/www.actualidadadiario.com\/index.php\/wp-json\/wp\/v2\/types\/post"}],"author":[{"embeddable":true,"href":"https:\/\/www.actualidadadiario.com\/index.php\/wp-json\/wp\/v2\/users\/3"}],"replies":[{"embeddable":true,"href":"https:\/\/www.actualidadadiario.com\/index.php\/wp-json\/wp\/v2\/comments?post=60386"}],"version-history":[{"count":1,"href":"https:\/\/www.actualidadadiario.com\/index.php\/wp-json\/wp\/v2\/posts\/60386\/revisions"}],"predecessor-version":[{"id":60388,"href":"https:\/\/www.actualidadadiario.com\/index.php\/wp-json\/wp\/v2\/posts\/60386\/revisions\/60388"}],"wp:featuredmedia":[{"embeddable":true,"href":"https:\/\/www.actualidadadiario.com\/index.php\/wp-json\/wp\/v2\/media\/60387"}],"wp:attachment":[{"href":"https:\/\/www.actualidadadiario.com\/index.php\/wp-json\/wp\/v2\/media?parent=60386"}],"wp:term":[{"taxonomy":"category","embeddable":true,"href":"https:\/\/www.actualidadadiario.com\/index.php\/wp-json\/wp\/v2\/categories?post=60386"},{"taxonomy":"post_tag","embeddable":true,"href":"https:\/\/www.actualidadadiario.com\/index.php\/wp-json\/wp\/v2\/tags?post=60386"}],"curies":[{"name":"wp","href":"https:\/\/api.w.org\/{rel}","templated":true}]}}