{"id":60380,"date":"2020-04-16T15:05:01","date_gmt":"2020-04-16T18:05:01","guid":{"rendered":"https:\/\/www.actualidadadiario.com\/?p=60380"},"modified":"2020-04-16T15:05:01","modified_gmt":"2020-04-16T18:05:01","slug":"anses-informo-que-quienes-cobren-planes-alimentarios-tambien-podran-acceder-al-ife","status":"publish","type":"post","link":"https:\/\/www.actualidadadiario.com\/index.php\/2020\/04\/16\/anses-informo-que-quienes-cobren-planes-alimentarios-tambien-podran-acceder-al-ife\/","title":{"rendered":"ANSES inform\u00f3 que quienes cobren planes alimentarios tambi\u00e9n podr\u00e1n acceder al IFE"},"content":{"rendered":"<p style=\"text-align: center;\"><em><strong>&#8220;A trav\u00e9s de esta medida queremos dar respuesta a los sectores m\u00e1s vulnerables&#8221;, inform\u00f3 el titular de ANSES, Alejandro Vanoli<\/strong><\/em><\/p>\n<p>&nbsp;<\/p>\n<p>&nbsp;<\/p>\n<p>La Administraci\u00f3n Nacional de Ingresos P\u00fablicos (Anses) inform\u00f3 que finalmente quienes cobren planes alimentarios tambi\u00e9n podr\u00e1n acceder al beneficio del Ingreso Familiar de Emergencia (IFE).<\/p>\n<p>\u201cTrece planes alimentarios son compatibles con el Ingreso Familiar de Emergencia. A trav\u00e9s de esta medida queremos dar respuesta a los sectores m\u00e1s vulnerables\u201d, inform\u00f3 el titular del organismo, Alejandro Vanoli, a trav\u00e9s de su cuenta de Twitter.<\/p>\n<p>As\u00ed, aquellas personas que cumplen con los requisitos, van a quedar autom\u00e1ticamente incorporados a la n\u00f3mina admitida, que alcanza a unas 8 millones de personas.<\/p>\n<p>&nbsp;<\/p>\n<p><strong>El listado de 13 planes alimentarios comprende a:<\/strong><\/p>\n<ul>\n<li>Plan M\u00e1s Vida<\/li>\n<li>PNSA C\u00f3rdoba<\/li>\n<li>Tarjeta Social PNSA<\/li>\n<li>Tarjeta Social Sistema \u00danico Alimentario<\/li>\n<li>Programa Alimentos Libres de TACC<\/li>\n<li>PLASON UP<\/li>\n<li>Programa Alimentario<\/li>\n<li>Programa SAPUCAY<\/li>\n<li>Programa Ticket Social<\/li>\n<li>Ley Provincial 3772<\/li>\n<li>Vale Alimentario Social Pe\u00f1i<\/li>\n<li>Tarjeta Plus Alimentaria<\/li>\n<li>Ciudadan\u00eda Porte\u00f1a<\/li>\n<\/ul>\n<p>Algo m\u00e1s de 4,2 millones de personas que se inscribieron para percibir el Ingreso Familiar de Emergencia (IFE) -sobre un total de casi 12 millones de pre inscriptos- no hab\u00edan cumplido con los requisitos necesarios para poder cobrar el beneficio de $ 10 mil destinado a mitigar los efectos adversos generados por la pandemia del coronavirus.<\/p>\n<p>La existencia de ingresos en relaci\u00f3n de dependencia o la percepci\u00f3n de monotributos categor\u00eda C o superiores motivaron el rechazo de m\u00e1s de 2 millones de inscriptos, precis\u00f3 la Anses.<\/p>\n<p>Adem\u00e1s, por percibir ingresos por beneficios previsionales -jubilaci\u00f3n o pensi\u00f3n- se les deneg\u00f3 el IFE a 715.163 personas que se registraron para percibir la ayuda.<\/p>\n<p>Otras 647.646 personas no calificaron porque un integrante del grupo familiar fue designado para recibir la ayuda de los $10.000; mientras que 595.834 ciudadanos fueron observados por falta de actualizaci\u00f3n de datos personales.<\/p>\n<p>Asimismo, la presencia de planes sociales incompatibles o seguro de desempleo produjo que se le negara el Ingreso extraordinario a 426.409 individuos; por presentar ingresos, gastos o bienes registrados en la Administraci\u00f3n Federal de Ingresos P\u00fablicos (AFIP) a otras 277.054; y por no cumplir requisito de residencia a 196.686 personas.<\/p>\n<p>El IFE es un ingreso de $ 10 mil destinado a personas argentinas, naturalizadas o residentes hace m\u00e1s de 2 a\u00f1os en el pa\u00eds que sean beneficiarias de Asignaciones por hijo o por embarazo; que tengan empleos informales; monotributos sociales o de las categor\u00edas A y B; o sean empleados de casas particulares.<\/p>\n<p>Pr\u00f3ximamente se abrir\u00e1 una nueva instancia de inscripci\u00f3n para quienes no lo hayan podido hacer hasta el momento.<\/p>\n","protected":false},"excerpt":{"rendered":"<p>&#8220;A trav\u00e9s de esta medida queremos dar respuesta a los sectores m\u00e1s vulnerables&#8221;, inform\u00f3 el titular de ANSES, Alejandro Vanoli &nbsp; &nbsp; La Administraci\u00f3n Nacional de Ingresos P\u00fablicos (Anses) inform\u00f3 que finalmente quienes cobren planes alimentarios tambi\u00e9n podr\u00e1n acceder al beneficio del Ingreso Familiar de Emergencia (IFE). \u201cTrece planes alimentarios son compatibles con el Ingreso Familiar de Emergencia. A trav\u00e9s de esta medida queremos dar respuesta a los sectores m\u00e1s vulnerables\u201d, inform\u00f3 el titular del organismo, Alejandro Vanoli, a trav\u00e9s de su cuenta de Twitter. As\u00ed, aquellas personas que cumplen&#8230;<\/p>\n","protected":false},"author":3,"featured_media":60381,"comment_status":"closed","ping_status":"closed","sticky":false,"template":"","format":"standard","meta":[],"categories":[2],"tags":[],"_links":{"self":[{"href":"https:\/\/www.actualidadadiario.com\/index.php\/wp-json\/wp\/v2\/posts\/60380"}],"collection":[{"href":"https:\/\/www.actualidadadiario.com\/index.php\/wp-json\/wp\/v2\/posts"}],"about":[{"href":"https:\/\/www.actualidadadiario.com\/index.php\/wp-json\/wp\/v2\/types\/post"}],"author":[{"embeddable":true,"href":"https:\/\/www.actualidadadiario.com\/index.php\/wp-json\/wp\/v2\/users\/3"}],"replies":[{"embeddable":true,"href":"https:\/\/www.actualidadadiario.com\/index.php\/wp-json\/wp\/v2\/comments?post=60380"}],"version-history":[{"count":1,"href":"https:\/\/www.actualidadadiario.com\/index.php\/wp-json\/wp\/v2\/posts\/60380\/revisions"}],"predecessor-version":[{"id":60382,"href":"https:\/\/www.actualidadadiario.com\/index.php\/wp-json\/wp\/v2\/posts\/60380\/revisions\/60382"}],"wp:featuredmedia":[{"embeddable":true,"href":"https:\/\/www.actualidadadiario.com\/index.php\/wp-json\/wp\/v2\/media\/60381"}],"wp:attachment":[{"href":"https:\/\/www.actualidadadiario.com\/index.php\/wp-json\/wp\/v2\/media?parent=60380"}],"wp:term":[{"taxonomy":"category","embeddable":true,"href":"https:\/\/www.actualidadadiario.com\/index.php\/wp-json\/wp\/v2\/categories?post=60380"},{"taxonomy":"post_tag","embeddable":true,"href":"https:\/\/www.actualidadadiario.com\/index.php\/wp-json\/wp\/v2\/tags?post=60380"}],"curies":[{"name":"wp","href":"https:\/\/api.w.org\/{rel}","templated":true}]}}