{"id":60378,"date":"2020-04-16T15:04:15","date_gmt":"2020-04-16T18:04:15","guid":{"rendered":"https:\/\/www.actualidadadiario.com\/?p=60378"},"modified":"2020-04-16T15:04:15","modified_gmt":"2020-04-16T18:04:15","slug":"aerolineas-envia-aviones-a-punta-cana-cancun-y-miami-a-buscar-argentinos-varados","status":"publish","type":"post","link":"https:\/\/www.actualidadadiario.com\/index.php\/2020\/04\/16\/aerolineas-envia-aviones-a-punta-cana-cancun-y-miami-a-buscar-argentinos-varados\/","title":{"rendered":"Aerol\u00edneas env\u00eda aviones a Punta Cana, Canc\u00fan y Miami a buscar argentinos varados"},"content":{"rendered":"<p style=\"text-align: center;\"><em><strong>Ceriani estuvo reunido ayer con el presidente Alberto Fern\u00e1ndez en la Residencia de Olivos, a quien le inform\u00f3 sobre el vuelo que parti\u00f3 hacia China con el objetivo de traer al pa\u00eds insumos m\u00e9dicos<\/strong><\/em><\/p>\n<p>&nbsp;<\/p>\n<p>&nbsp;<\/p>\n<p>La empresa estatal Aerol\u00edneas Argentinas enviar\u00e1 en las pr\u00f3ximas horas aviones a Punta Cana, Canc\u00fan y Miami a buscar argentinos que quedaron varado en esos destinos por la cuarentena y el cierre de fronteras decretado para contener el avance del coronavirus Covid-19.<\/p>\n<p>As\u00ed lo confirm\u00f3 hoy el presidente de Aerol\u00edneas Argentinas, Pablo Ceriani, al se\u00f1alar que la empresa est\u00e1 realizando vuelos de repatriaci\u00f3n dentro de las restricciones sanitarias impuestas por el ministerio de Salud.<\/p>\n<p>&#8220;Estamos programando vuelos de repatriaci\u00f3n; esta semana haremos Punta Cana y Canc\u00fan, el fin de semana Miami, y para la semana que viene tenemos una serie de vuelos tambi\u00e9n programados&#8221;, dijo el directivo.<\/p>\n<p>En declaraciones a Radio 10 explic\u00f3 que la restricci\u00f3n m\u00e1s grande tiene que ver con mantener un flujo de pasajeros manejable desde el punto de vista sanitario, dado que por Ezeiza y El Palomar s\u00f3lo pueden ingresar entre 300 y 400 personas por d\u00eda en total.<\/p>\n","protected":false},"excerpt":{"rendered":"<p>Ceriani estuvo reunido ayer con el presidente Alberto Fern\u00e1ndez en la Residencia de Olivos, a quien le inform\u00f3 sobre el vuelo que parti\u00f3 hacia China con el objetivo de traer al pa\u00eds insumos m\u00e9dicos &nbsp; &nbsp; La empresa estatal Aerol\u00edneas Argentinas enviar\u00e1 en las pr\u00f3ximas horas aviones a Punta Cana, Canc\u00fan y Miami a buscar argentinos que quedaron varado en esos destinos por la cuarentena y el cierre de fronteras decretado para contener el avance del coronavirus Covid-19. As\u00ed lo confirm\u00f3 hoy el presidente de Aerol\u00edneas Argentinas, Pablo Ceriani, al&#8230;<\/p>\n","protected":false},"author":3,"featured_media":59085,"comment_status":"closed","ping_status":"closed","sticky":false,"template":"","format":"standard","meta":[],"categories":[2],"tags":[],"_links":{"self":[{"href":"https:\/\/www.actualidadadiario.com\/index.php\/wp-json\/wp\/v2\/posts\/60378"}],"collection":[{"href":"https:\/\/www.actualidadadiario.com\/index.php\/wp-json\/wp\/v2\/posts"}],"about":[{"href":"https:\/\/www.actualidadadiario.com\/index.php\/wp-json\/wp\/v2\/types\/post"}],"author":[{"embeddable":true,"href":"https:\/\/www.actualidadadiario.com\/index.php\/wp-json\/wp\/v2\/users\/3"}],"replies":[{"embeddable":true,"href":"https:\/\/www.actualidadadiario.com\/index.php\/wp-json\/wp\/v2\/comments?post=60378"}],"version-history":[{"count":1,"href":"https:\/\/www.actualidadadiario.com\/index.php\/wp-json\/wp\/v2\/posts\/60378\/revisions"}],"predecessor-version":[{"id":60379,"href":"https:\/\/www.actualidadadiario.com\/index.php\/wp-json\/wp\/v2\/posts\/60378\/revisions\/60379"}],"wp:featuredmedia":[{"embeddable":true,"href":"https:\/\/www.actualidadadiario.com\/index.php\/wp-json\/wp\/v2\/media\/59085"}],"wp:attachment":[{"href":"https:\/\/www.actualidadadiario.com\/index.php\/wp-json\/wp\/v2\/media?parent=60378"}],"wp:term":[{"taxonomy":"category","embeddable":true,"href":"https:\/\/www.actualidadadiario.com\/index.php\/wp-json\/wp\/v2\/categories?post=60378"},{"taxonomy":"post_tag","embeddable":true,"href":"https:\/\/www.actualidadadiario.com\/index.php\/wp-json\/wp\/v2\/tags?post=60378"}],"curies":[{"name":"wp","href":"https:\/\/api.w.org\/{rel}","templated":true}]}}