{"id":60376,"date":"2020-04-16T15:03:35","date_gmt":"2020-04-16T18:03:35","guid":{"rendered":"https:\/\/www.actualidadadiario.com\/?p=60376"},"modified":"2020-04-16T15:03:35","modified_gmt":"2020-04-16T18:03:35","slug":"tapabocas-en-mas-de-medio-pais","status":"publish","type":"post","link":"https:\/\/www.actualidadadiario.com\/index.php\/2020\/04\/16\/tapabocas-en-mas-de-medio-pais\/","title":{"rendered":"Tapabocas en m\u00e1s de medio pa\u00eds"},"content":{"rendered":"<p style=\"text-align: center;\"><em><strong>La provincia de Buenos Aires decidi\u00f3 el uso obligatorio de tapabocas a partir del pr\u00f3ximo lunes, con lo que ya son 15 los distritos que implementaron esa medida, como herramienta de prevenci\u00f3n en medio de la pandemia de coronavirus Covid-19, mientras que otras seis jurisdicciones provinciales estar\u00edan estudiando el tema<\/strong><\/em><\/p>\n<p>&nbsp;<\/p>\n<p>Desde el Presidente, hasta autoridades pol\u00edticas y sanitarias de todas las \u00e1reas del pa\u00eds se manifestaron sobre el uso de los barbijos, recomendando especialmente los de fabricaci\u00f3n casera, llamados com\u00fanmente tapabocas, que se consideran \u201cestrategias adicionales\u201d y que no suplantan a las ya recomendadas medidas para evitar los contagios.<\/p>\n<p>&nbsp;<\/p>\n<p><strong>Pionera<\/strong><\/p>\n<p>La primera provincia en decretar el uso obligatorio de barbijo fue Catamarca que, junto con Formosa y Chubut, siguen siendo las \u00fanicas del pa\u00eds que no registran por el momento casos de coronavirus. Pero a diferencia de la primera, las otras dos provincias no establecieron por ahora la obligatoriedad de su uso.<\/p>\n<p>La Ciudad de Buenos Aires y la provincia de Buenos Aires hasta el momento los dos centros donde se registran la mayor\u00eda de los casos, anunciaron la obligatoriedad del uso del tapabocas en sus distritos.<\/p>\n<p>El Gobierno porte\u00f1o oficializ\u00f3 el uso obligatorio de \u201ctapabocas\u201d, a partir de hoy.<\/p>\n","protected":false},"excerpt":{"rendered":"<p>La provincia de Buenos Aires decidi\u00f3 el uso obligatorio de tapabocas a partir del pr\u00f3ximo lunes, con lo que ya son 15 los distritos que implementaron esa medida, como herramienta de prevenci\u00f3n en medio de la pandemia de coronavirus Covid-19, mientras que otras seis jurisdicciones provinciales estar\u00edan estudiando el tema &nbsp; Desde el Presidente, hasta autoridades pol\u00edticas y sanitarias de todas las \u00e1reas del pa\u00eds se manifestaron sobre el uso de los barbijos, recomendando especialmente los de fabricaci\u00f3n casera, llamados com\u00fanmente tapabocas, que se consideran \u201cestrategias adicionales\u201d y que no&#8230;<\/p>\n","protected":false},"author":3,"featured_media":60279,"comment_status":"closed","ping_status":"closed","sticky":false,"template":"","format":"standard","meta":[],"categories":[2],"tags":[],"_links":{"self":[{"href":"https:\/\/www.actualidadadiario.com\/index.php\/wp-json\/wp\/v2\/posts\/60376"}],"collection":[{"href":"https:\/\/www.actualidadadiario.com\/index.php\/wp-json\/wp\/v2\/posts"}],"about":[{"href":"https:\/\/www.actualidadadiario.com\/index.php\/wp-json\/wp\/v2\/types\/post"}],"author":[{"embeddable":true,"href":"https:\/\/www.actualidadadiario.com\/index.php\/wp-json\/wp\/v2\/users\/3"}],"replies":[{"embeddable":true,"href":"https:\/\/www.actualidadadiario.com\/index.php\/wp-json\/wp\/v2\/comments?post=60376"}],"version-history":[{"count":1,"href":"https:\/\/www.actualidadadiario.com\/index.php\/wp-json\/wp\/v2\/posts\/60376\/revisions"}],"predecessor-version":[{"id":60377,"href":"https:\/\/www.actualidadadiario.com\/index.php\/wp-json\/wp\/v2\/posts\/60376\/revisions\/60377"}],"wp:featuredmedia":[{"embeddable":true,"href":"https:\/\/www.actualidadadiario.com\/index.php\/wp-json\/wp\/v2\/media\/60279"}],"wp:attachment":[{"href":"https:\/\/www.actualidadadiario.com\/index.php\/wp-json\/wp\/v2\/media?parent=60376"}],"wp:term":[{"taxonomy":"category","embeddable":true,"href":"https:\/\/www.actualidadadiario.com\/index.php\/wp-json\/wp\/v2\/categories?post=60376"},{"taxonomy":"post_tag","embeddable":true,"href":"https:\/\/www.actualidadadiario.com\/index.php\/wp-json\/wp\/v2\/tags?post=60376"}],"curies":[{"name":"wp","href":"https:\/\/api.w.org\/{rel}","templated":true}]}}