{"id":60373,"date":"2020-04-16T15:02:10","date_gmt":"2020-04-16T18:02:10","guid":{"rendered":"https:\/\/www.actualidadadiario.com\/?p=60373"},"modified":"2020-04-16T15:02:55","modified_gmt":"2020-04-16T18:02:55","slug":"la-inflacion-de-marzo-fue-de-33-por-ciento","status":"publish","type":"post","link":"https:\/\/www.actualidadadiario.com\/index.php\/2020\/04\/16\/la-inflacion-de-marzo-fue-de-33-por-ciento\/","title":{"rendered":"La inflaci\u00f3n de marzo fue de 3,3 por ciento"},"content":{"rendered":"<p style=\"text-align: center;\"><em><strong>Educaci\u00f3n se dispar\u00f3 nada menos que un 17,5 por ciento por la actualizaci\u00f3n de las cuotas de los colegios. Alimentos y bebidas se increment\u00f3 3,9 por ciento. Hubo cambios en la medici\u00f3n<\/strong><\/em><\/p>\n<p>&nbsp;<\/p>\n<p>&nbsp;<\/p>\n<p>Los precios minoristas treparon en marzo un 3,3 por ciento y en doce meses acumulan una suba de 48,4 por ciento, seg\u00fan inform\u00f3 el Indec este mi\u00e9rcoles. De este modo, se puso fin a dos meses consecutivos en los que el indicador hab\u00eda mostrado una desaceleraci\u00f3n. En cuanto a los rubros que lideraron las subas se destac\u00f3 &#8220;Educaci\u00f3n&#8221; que se dispar\u00f3 nada menos que un 17,5 por ciento, por la actualizaci\u00f3n de las cuotas de los colegios. Por detr\u00e1s le siguieron \u201cComunicaci\u00f3n\u201d con un 8,2 por ciento, \u201cPrendas de vestir y calzado\u201d con 4,2 y \u201cAlimentos y bebidas\u201d, que, pese a la fijaci\u00f3n de precios m\u00e1ximos en medio de la pandemia, igual se incrementaron 3,9 por ciento. El organismo precis\u00f3 cu\u00e1les fueron los cambios en la metodolog\u00eda de medici\u00f3n forzados por el coronavirus.<\/p>\n<p>En el primer trimestre la suba acumulada fue de 7,9 por ciento y Educaci\u00f3n tambi\u00e9n encabez\u00f3 el ranking con un 19,8 por ciento. \u201cAlimentos y bebidas\u201d qued\u00f3 en segundo lugar con 11,7 por ciento y \u201cComunicaci\u00f3n\u201d complet\u00f3 el podio con un 10,9 por ciento<\/p>\n<p>En marzo el incremento estuvo impulsado fundamentalmente por los precios estacionales que despegaron un 4,9 por ciento de la mano de frutas y verduras. La inflaci\u00f3n n\u00facleo, por su parte, creci\u00f3 3,1 por ciento, por debajo del promedio.<\/p>\n<p>M\u00e1s all\u00e1 de la suba en la cuota de los colegios, el rubro que sigue preocupando al gobierno por la alta ponderaci\u00f3n que tiene dentro del \u00edndice es \u201cAlimentos y bebidas\u201d. El tomate redondo se dispar\u00f3 un 45,7 por ciento y la naranja un 15,3 por ciento. En el \u00c1rea Metropolitana de Buenos Aires las verduras, tub\u00e9rculos y legumbres aumentaron 12,9 por ciento y las frutas 4,1 por ciento.<\/p>\n<p>El pollo tambi\u00e9n aument\u00f3 fuerte con un 9,4 por ciento. El az\u00facar trep\u00f3 un 8,5 por ciento y la nalga aument\u00f3 6 por ciento, aunque el resto de los cortes de carne vacuna se mantuvieron por debajo de la suba promedio. El filet de merluza tambi\u00e9n peg\u00f3 un salto al trepar 5 por ciento en la previa de Semana Santa.<\/p>\n<p>En medio de la pandemia la suba de precios no fue mayor porque el gobierno estableci\u00f3 precios m\u00e1ximos a unos 2300 productos de 50 categor\u00edas b\u00e1sicas de consumo m\u00e1sico. El gobierno public\u00f3 el listado de precios m\u00e1ximos en unos 2300 productos de 50 categor\u00edas b\u00e1sicas de consumo. Abarca a pr\u00e1cticamente todo el abanico del consumo masivo tomando valores de referencia correspondientes al 6 de marzo pasado. Esos valores m\u00e1ximos de referencia est\u00e1n vigentes para hipermercados, supermercados, almacenes, autoservicios, minimercados y supermercados mayoristas quienes se vieron obligados a retrotraer precios al 6 de marzo. El listado se public\u00f3 el 23 de marzo y el gobierno inici\u00f3 una serie de inspecciones para garantizar su cumplimiento. Incluso el presidente Alberto Fern\u00e1ndez sum\u00f3 a los intendentes a los controles.<\/p>\n<p>&nbsp;<\/p>\n<p><strong>Cambios en la medici\u00f3n<\/strong><\/p>\n<p>A ra\u00edz de la expansi\u00f3n del coronavirus y la cuarentena obligatoria decretada por el gobierno para intentar contenerlo, miles de negocios permanecen con sus puertas cerradas desde el 20 de marzo. Esta situaci\u00f3n oblig\u00f3 al Indec a suspender las actividades presenciales de recolecci\u00f3n de datos, tal como inform\u00f3 la semana pasada.<\/p>\n<p>En el informe publicado este mi\u00e9rcoles el organismo precis\u00f3 en un apartado que, ante la inminencia de la implementaci\u00f3n de medidas de restricci\u00f3n de la circulaci\u00f3n, se decidi\u00f3 actuar preventivamente con el objeto de minimizar sus efectos sobre el relevamiento de marzo. \u201cCon el fin de completar la informaci\u00f3n de marzo para el caso de aquellos precios que no dependen del d\u00eda de recolecci\u00f3n, porque su referencia o la vigencia es el mes completo, durante la tercera semana de marzo se adelant\u00f3 en forma telef\u00f3nica o v\u00eda correo electr\u00f3nico el relevamiento en las instituciones y empresas que los proporcionan. En este conjunto se encuentran, por ejemplo, las escuelas, las inmobiliarias y las concesionarias de autom\u00f3viles\u201d, aclar\u00f3 el organismo.<\/p>\n<p>Por otra parte, el Indec agreg\u00f3 que \u201cen el caso de aquellos precios que se relevan durante todos los d\u00edas h\u00e1biles del mes, debido a que en los negocios tradicionales, especializados y supermercados solo se podr\u00eda completar el relevamiento en forma presencial hasta el 20\/03\/2020: Se adelant\u00f3 en todos los casos posibles el relevamiento de los paneles previstos para despu\u00e9s del 20\/03\/2020 y en aquellos casos en que no fue posible adelantar el relevamiento, todos los precios fueron considerados como no relevados por fuerza mayor\u201d.<\/p>\n<p>Como la cuarentena reci\u00e9n empez\u00f3 el viernes 20 y luego hubo varios d\u00edas no laborables el impacto en marzo no fue demasiado significativo, pero en abril las dificultades para realizar la medici\u00f3n se profundizaron porque la cuarentena seguir\u00e1 al menos hasta el d\u00eda 26.<\/p>\n","protected":false},"excerpt":{"rendered":"<p>Educaci\u00f3n se dispar\u00f3 nada menos que un 17,5 por ciento por la actualizaci\u00f3n de las cuotas de los colegios. Alimentos y bebidas se increment\u00f3 3,9 por ciento. Hubo cambios en la medici\u00f3n &nbsp; &nbsp; Los precios minoristas treparon en marzo un 3,3 por ciento y en doce meses acumulan una suba de 48,4 por ciento, seg\u00fan inform\u00f3 el Indec este mi\u00e9rcoles. De este modo, se puso fin a dos meses consecutivos en los que el indicador hab\u00eda mostrado una desaceleraci\u00f3n. En cuanto a los rubros que lideraron las subas se&#8230;<\/p>\n","protected":false},"author":3,"featured_media":60213,"comment_status":"closed","ping_status":"closed","sticky":false,"template":"","format":"standard","meta":[],"categories":[2],"tags":[],"_links":{"self":[{"href":"https:\/\/www.actualidadadiario.com\/index.php\/wp-json\/wp\/v2\/posts\/60373"}],"collection":[{"href":"https:\/\/www.actualidadadiario.com\/index.php\/wp-json\/wp\/v2\/posts"}],"about":[{"href":"https:\/\/www.actualidadadiario.com\/index.php\/wp-json\/wp\/v2\/types\/post"}],"author":[{"embeddable":true,"href":"https:\/\/www.actualidadadiario.com\/index.php\/wp-json\/wp\/v2\/users\/3"}],"replies":[{"embeddable":true,"href":"https:\/\/www.actualidadadiario.com\/index.php\/wp-json\/wp\/v2\/comments?post=60373"}],"version-history":[{"count":1,"href":"https:\/\/www.actualidadadiario.com\/index.php\/wp-json\/wp\/v2\/posts\/60373\/revisions"}],"predecessor-version":[{"id":60374,"href":"https:\/\/www.actualidadadiario.com\/index.php\/wp-json\/wp\/v2\/posts\/60373\/revisions\/60374"}],"wp:featuredmedia":[{"embeddable":true,"href":"https:\/\/www.actualidadadiario.com\/index.php\/wp-json\/wp\/v2\/media\/60213"}],"wp:attachment":[{"href":"https:\/\/www.actualidadadiario.com\/index.php\/wp-json\/wp\/v2\/media?parent=60373"}],"wp:term":[{"taxonomy":"category","embeddable":true,"href":"https:\/\/www.actualidadadiario.com\/index.php\/wp-json\/wp\/v2\/categories?post=60373"},{"taxonomy":"post_tag","embeddable":true,"href":"https:\/\/www.actualidadadiario.com\/index.php\/wp-json\/wp\/v2\/tags?post=60373"}],"curies":[{"name":"wp","href":"https:\/\/api.w.org\/{rel}","templated":true}]}}