{"id":60365,"date":"2020-04-16T14:59:51","date_gmt":"2020-04-16T17:59:51","guid":{"rendered":"https:\/\/www.actualidadadiario.com\/?p=60365"},"modified":"2020-04-16T14:59:51","modified_gmt":"2020-04-16T17:59:51","slug":"georgieva-elogio-las-medidas-de-alberto-frente-a-la-coronacrisis","status":"publish","type":"post","link":"https:\/\/www.actualidadadiario.com\/index.php\/2020\/04\/16\/georgieva-elogio-las-medidas-de-alberto-frente-a-la-coronacrisis\/","title":{"rendered":"Georgieva elogi\u00f3 las medidas de Alberto frente a la coronacrisis"},"content":{"rendered":"<p style=\"text-align: center;\"><em><strong>Destac\u00f3 las medidas que dieron apoyo &#8220;a los m\u00e1s vulnerables y tambi\u00e9n a los sectores m\u00e1s fragiles de la econom\u00eda&#8221;. El FMI estima una ca\u00edda del PBI de 5,7% para 2020<\/strong><\/em><\/p>\n<p>&nbsp;<\/p>\n<p>&nbsp;<\/p>\n<p>La directora gerente del FMI, Kristalina Georgieva, afirm\u00f3 este mi\u00e9rcoles que el Gobierno argentino tom\u00f3 medidas &#8220;muy apropiadas&#8221; en el marco de la pandemia y advirti\u00f3 que el pa\u00eds, junto a otros que ya ven\u00edan en crisis, est\u00e1 en mayor riesgo frente a la emergencia.<\/p>\n<p>&#8220;En Argentina se han concentrado much\u00edsimo en hacer frente a esta crisis con una secuencia muy apropiada de medidas para el sector de salud, dando apoyo a las personas m\u00e1s vulnerables y tambi\u00e9n a los sectores m\u00e1s fr\u00e1giles de la econom\u00eda&#8221;, sostuvo Georgieva en el marco de la tradicional reuni\u00f3n anual de primavera del organismo, que en esta oportunidad se realiza de manera virtual.<\/p>\n<p>Sobre el pa\u00eds, para el que prev\u00e9 una ca\u00edda del PBI del 5,7% en 2020, destac\u00f3 que en la antesala del lanzamiento de la oferta muestra dificultades particulares: &#8220;De la misma manera en que el virus golpea m\u00e1s duro a las personas con condiciones preexistentes, tambi\u00e9n golpea m\u00e1s duro a los pa\u00edses que sufr\u00edan de problemas preexistentes&#8221;.<\/p>\n","protected":false},"excerpt":{"rendered":"<p>Destac\u00f3 las medidas que dieron apoyo &#8220;a los m\u00e1s vulnerables y tambi\u00e9n a los sectores m\u00e1s fragiles de la econom\u00eda&#8221;. El FMI estima una ca\u00edda del PBI de 5,7% para 2020 &nbsp; &nbsp; La directora gerente del FMI, Kristalina Georgieva, afirm\u00f3 este mi\u00e9rcoles que el Gobierno argentino tom\u00f3 medidas &#8220;muy apropiadas&#8221; en el marco de la pandemia y advirti\u00f3 que el pa\u00eds, junto a otros que ya ven\u00edan en crisis, est\u00e1 en mayor riesgo frente a la emergencia. &#8220;En Argentina se han concentrado much\u00edsimo en hacer frente a esta crisis&#8230;<\/p>\n","protected":false},"author":3,"featured_media":53176,"comment_status":"closed","ping_status":"closed","sticky":false,"template":"","format":"standard","meta":[],"categories":[9],"tags":[],"_links":{"self":[{"href":"https:\/\/www.actualidadadiario.com\/index.php\/wp-json\/wp\/v2\/posts\/60365"}],"collection":[{"href":"https:\/\/www.actualidadadiario.com\/index.php\/wp-json\/wp\/v2\/posts"}],"about":[{"href":"https:\/\/www.actualidadadiario.com\/index.php\/wp-json\/wp\/v2\/types\/post"}],"author":[{"embeddable":true,"href":"https:\/\/www.actualidadadiario.com\/index.php\/wp-json\/wp\/v2\/users\/3"}],"replies":[{"embeddable":true,"href":"https:\/\/www.actualidadadiario.com\/index.php\/wp-json\/wp\/v2\/comments?post=60365"}],"version-history":[{"count":1,"href":"https:\/\/www.actualidadadiario.com\/index.php\/wp-json\/wp\/v2\/posts\/60365\/revisions"}],"predecessor-version":[{"id":60366,"href":"https:\/\/www.actualidadadiario.com\/index.php\/wp-json\/wp\/v2\/posts\/60365\/revisions\/60366"}],"wp:featuredmedia":[{"embeddable":true,"href":"https:\/\/www.actualidadadiario.com\/index.php\/wp-json\/wp\/v2\/media\/53176"}],"wp:attachment":[{"href":"https:\/\/www.actualidadadiario.com\/index.php\/wp-json\/wp\/v2\/media?parent=60365"}],"wp:term":[{"taxonomy":"category","embeddable":true,"href":"https:\/\/www.actualidadadiario.com\/index.php\/wp-json\/wp\/v2\/categories?post=60365"},{"taxonomy":"post_tag","embeddable":true,"href":"https:\/\/www.actualidadadiario.com\/index.php\/wp-json\/wp\/v2\/tags?post=60365"}],"curies":[{"name":"wp","href":"https:\/\/api.w.org\/{rel}","templated":true}]}}