{"id":60360,"date":"2020-04-16T14:58:17","date_gmt":"2020-04-16T17:58:17","guid":{"rendered":"https:\/\/www.actualidadadiario.com\/?p=60360"},"modified":"2020-04-16T14:58:17","modified_gmt":"2020-04-16T17:58:17","slug":"iapv-espera-nuevas-exenciones-para-poder-avanzar-con-planes-de-vivienda","status":"publish","type":"post","link":"https:\/\/www.actualidadadiario.com\/index.php\/2020\/04\/16\/iapv-espera-nuevas-exenciones-para-poder-avanzar-con-planes-de-vivienda\/","title":{"rendered":"IAPV espera nuevas exenciones para poder avanzar con planes de vivienda"},"content":{"rendered":"<p style=\"text-align: center;\"><em><strong>Por el momento el organismo se mantiene funcionando con \u201cel m\u00ednimo indispensable\u201d de trabajadores y la atenci\u00f3n al p\u00fablico la hace v\u00eda online. As\u00ed lo explic\u00f3 el titular del IAPV, Marcelo Bisogni, y precis\u00f3 que s\u00f3lo se podr\u00e1 avanzar con los planes de vivienda si hay exenciones a la actividad<\/strong><\/em><\/p>\n<p>&nbsp;<\/p>\n<p>&nbsp;<\/p>\n<p>De los 250 empleados de la sede central s\u00f3lo se encuentran trabajando unas 5 o 6 personas \u201cpara brindar lo m\u00ednimo indispensable y los plazos que tenemos que cubrir\u201d. Lo mismo sucede en las regionales, garantizando \u201ccon todo el protocolo\u201d, precis\u00f3 el funcionario. Y aclar\u00f3 que la atenci\u00f3n al p\u00fablico \u201ces \u00fanicamente v\u00eda online\u201d.<\/p>\n<p>A principios de mes el organismo dispuso una pr\u00f3rroga excepcional por el t\u00e9rmino de 30 d\u00edas para el vencimiento del pago de la cuota de amortizaci\u00f3n y\/o canon de uso correspondiente al mes de mayo del corriente a\u00f1o para todos los adjudicatarios y\/o tenedores precarios de viviendas de inter\u00e9s social correspondiente al cr\u00e9dito que les fue otorgado por el IAPV.<\/p>\n<p>Bisogni reconoci\u00f3 que la pandemia tambi\u00e9n afecta los ingresos del organismo aut\u00e1rquico como sucede en otros entes del Estado.<\/p>\n<p>Respecto a los planes de vivienda, explic\u00f3 que s\u00f3lo se podr\u00e1 avanzar \u201csi se aprueba una exenci\u00f3n\u201d para la obra p\u00fablica. Reconoci\u00f3 que se mantienen contactos con las distintas empresas respecto a este tema. \u201cUna vez que se apruebe ese protocolo podremos avanzar, sobre todo por las complicaciones que tienen hoy las empresas y los obreros que tienen que trabajar en todo el territorio provincial para poder circular\u201d, cont\u00f3.<\/p>\n","protected":false},"excerpt":{"rendered":"<p>Por el momento el organismo se mantiene funcionando con \u201cel m\u00ednimo indispensable\u201d de trabajadores y la atenci\u00f3n al p\u00fablico la hace v\u00eda online. As\u00ed lo explic\u00f3 el titular del IAPV, Marcelo Bisogni, y precis\u00f3 que s\u00f3lo se podr\u00e1 avanzar con los planes de vivienda si hay exenciones a la actividad &nbsp; &nbsp; De los 250 empleados de la sede central s\u00f3lo se encuentran trabajando unas 5 o 6 personas \u201cpara brindar lo m\u00ednimo indispensable y los plazos que tenemos que cubrir\u201d. Lo mismo sucede en las regionales, garantizando \u201ccon todo&#8230;<\/p>\n","protected":false},"author":3,"featured_media":60361,"comment_status":"closed","ping_status":"closed","sticky":false,"template":"","format":"standard","meta":[],"categories":[15],"tags":[],"_links":{"self":[{"href":"https:\/\/www.actualidadadiario.com\/index.php\/wp-json\/wp\/v2\/posts\/60360"}],"collection":[{"href":"https:\/\/www.actualidadadiario.com\/index.php\/wp-json\/wp\/v2\/posts"}],"about":[{"href":"https:\/\/www.actualidadadiario.com\/index.php\/wp-json\/wp\/v2\/types\/post"}],"author":[{"embeddable":true,"href":"https:\/\/www.actualidadadiario.com\/index.php\/wp-json\/wp\/v2\/users\/3"}],"replies":[{"embeddable":true,"href":"https:\/\/www.actualidadadiario.com\/index.php\/wp-json\/wp\/v2\/comments?post=60360"}],"version-history":[{"count":1,"href":"https:\/\/www.actualidadadiario.com\/index.php\/wp-json\/wp\/v2\/posts\/60360\/revisions"}],"predecessor-version":[{"id":60362,"href":"https:\/\/www.actualidadadiario.com\/index.php\/wp-json\/wp\/v2\/posts\/60360\/revisions\/60362"}],"wp:featuredmedia":[{"embeddable":true,"href":"https:\/\/www.actualidadadiario.com\/index.php\/wp-json\/wp\/v2\/media\/60361"}],"wp:attachment":[{"href":"https:\/\/www.actualidadadiario.com\/index.php\/wp-json\/wp\/v2\/media?parent=60360"}],"wp:term":[{"taxonomy":"category","embeddable":true,"href":"https:\/\/www.actualidadadiario.com\/index.php\/wp-json\/wp\/v2\/categories?post=60360"},{"taxonomy":"post_tag","embeddable":true,"href":"https:\/\/www.actualidadadiario.com\/index.php\/wp-json\/wp\/v2\/tags?post=60360"}],"curies":[{"name":"wp","href":"https:\/\/api.w.org\/{rel}","templated":true}]}}