{"id":60357,"date":"2020-04-16T14:57:34","date_gmt":"2020-04-16T17:57:34","guid":{"rendered":"https:\/\/www.actualidadadiario.com\/?p=60357"},"modified":"2020-04-16T14:57:34","modified_gmt":"2020-04-16T17:57:34","slug":"se-registro-un-nuevo-caso-de-coronavirus-en-entre-rios","status":"publish","type":"post","link":"https:\/\/www.actualidadadiario.com\/index.php\/2020\/04\/16\/se-registro-un-nuevo-caso-de-coronavirus-en-entre-rios\/","title":{"rendered":"Se registr\u00f3 un nuevo caso de coronavirus en Entre R\u00edos"},"content":{"rendered":"<p style=\"text-align: center;\"><em><strong>De acuerdo a los datos reportados por el \u00e1rea de Vigilancia Epidemiol\u00f3gica del Ministerio de Salud, este mi\u00e9rcoles se sum\u00f3 un 1 nuevo caso de Coronavirus en la provincia. De este modo, ascienden a 22 los casos confirmados<\/strong><\/em><\/p>\n<p>&nbsp;<\/p>\n<p>Se trata de una adulta mayor, oriunda de Col\u00f3n, la cual presenta un cuadro leve y se encuentra en aislamiento en su domicilio, la misma cuenta con antecedentes de viaje a una provincia con transmisi\u00f3n local.<\/p>\n<p>De ese modo, en Entre R\u00edos hay 22 casos confirmados, 6 en estudio y 341 descartados en total, mientras que la cantidad de casos estudiados asciende a un total de 369.<\/p>\n","protected":false},"excerpt":{"rendered":"<p>De acuerdo a los datos reportados por el \u00e1rea de Vigilancia Epidemiol\u00f3gica del Ministerio de Salud, este mi\u00e9rcoles se sum\u00f3 un 1 nuevo caso de Coronavirus en la provincia. De este modo, ascienden a 22 los casos confirmados &nbsp; Se trata de una adulta mayor, oriunda de Col\u00f3n, la cual presenta un cuadro leve y se encuentra en aislamiento en su domicilio, la misma cuenta con antecedentes de viaje a una provincia con transmisi\u00f3n local. De ese modo, en Entre R\u00edos hay 22 casos confirmados, 6 en estudio y 341&#8230;<\/p>\n","protected":false},"author":3,"featured_media":60358,"comment_status":"closed","ping_status":"closed","sticky":false,"template":"","format":"standard","meta":[],"categories":[15],"tags":[],"_links":{"self":[{"href":"https:\/\/www.actualidadadiario.com\/index.php\/wp-json\/wp\/v2\/posts\/60357"}],"collection":[{"href":"https:\/\/www.actualidadadiario.com\/index.php\/wp-json\/wp\/v2\/posts"}],"about":[{"href":"https:\/\/www.actualidadadiario.com\/index.php\/wp-json\/wp\/v2\/types\/post"}],"author":[{"embeddable":true,"href":"https:\/\/www.actualidadadiario.com\/index.php\/wp-json\/wp\/v2\/users\/3"}],"replies":[{"embeddable":true,"href":"https:\/\/www.actualidadadiario.com\/index.php\/wp-json\/wp\/v2\/comments?post=60357"}],"version-history":[{"count":1,"href":"https:\/\/www.actualidadadiario.com\/index.php\/wp-json\/wp\/v2\/posts\/60357\/revisions"}],"predecessor-version":[{"id":60359,"href":"https:\/\/www.actualidadadiario.com\/index.php\/wp-json\/wp\/v2\/posts\/60357\/revisions\/60359"}],"wp:featuredmedia":[{"embeddable":true,"href":"https:\/\/www.actualidadadiario.com\/index.php\/wp-json\/wp\/v2\/media\/60358"}],"wp:attachment":[{"href":"https:\/\/www.actualidadadiario.com\/index.php\/wp-json\/wp\/v2\/media?parent=60357"}],"wp:term":[{"taxonomy":"category","embeddable":true,"href":"https:\/\/www.actualidadadiario.com\/index.php\/wp-json\/wp\/v2\/categories?post=60357"},{"taxonomy":"post_tag","embeddable":true,"href":"https:\/\/www.actualidadadiario.com\/index.php\/wp-json\/wp\/v2\/tags?post=60357"}],"curies":[{"name":"wp","href":"https:\/\/api.w.org\/{rel}","templated":true}]}}