{"id":60355,"date":"2020-04-16T14:56:54","date_gmt":"2020-04-16T17:56:54","guid":{"rendered":"https:\/\/www.actualidadadiario.com\/?p=60355"},"modified":"2020-04-16T14:56:54","modified_gmt":"2020-04-16T17:56:54","slug":"giano-la-camara-de-diputados-esta-trabajando","status":"publish","type":"post","link":"https:\/\/www.actualidadadiario.com\/index.php\/2020\/04\/16\/giano-la-camara-de-diputados-esta-trabajando\/","title":{"rendered":"Giano: \u201cLa C\u00e1mara de Diputados est\u00e1 trabajando\u201d"},"content":{"rendered":"<p style=\"text-align: center;\"><em><strong>El presidente de la C\u00e1mara de Diputados, \u00c1ngel Giano, inform\u00f3 sobre las actividades que viene realizando el \u00f3rgano legislativo en el marco del\u00a0 aislamiento social preventivo y obligatorio. Destac\u00f3 el trabajo de las diputadas y los diputados en este contexto de crisis sanitaria hist\u00f3rica<\/strong><\/em><\/p>\n<p>&nbsp;<\/p>\n<p>&nbsp;<\/p>\n<p>Giano puso de relieve el trabajo que vienen realizando las diputadas y los diputados en sus ciudades, acompa\u00f1ando las decisiones y las actividades que establecen el Ejecutivo provincial y los municipios para hacer frente a la pandemia, ayudando a los vecinos que m\u00e1s necesitan en estos momentos de crisis sanitaria, econ\u00f3mica y social.<\/p>\n<p>\u201cLas diputadas y diputados est\u00e1n trabajando sobre proyectos de ley -algunos fueron presentados recientemente-, est\u00e1n participando en las reuniones de cada una de las comisiones, en las videoconferencias, pero adem\u00e1s trabajan en sus territorios asistiendo y colaborando con los comit\u00e9s de emergencia en cada localidad y tambi\u00e9n en coordinaci\u00f3n con el Gobierno de la Provincia\u201d, sostuvo Giano y subray\u00f3: \u201cSon tiempos\u00a0 sumamente dif\u00edciles que nunca nos hab\u00eda tocado atravesar; nadie tiene un manual de c\u00f3mo hacerlo, pero hay una clara voluntad de trabajo comprometido por parte de las y los legisladores\u201d.<\/p>\n<p>Giano adem\u00e1s brind\u00f3 un detalle de las principales acciones que desde la C\u00e1mara se vienen desarrollando, entre las cuales se destaca la creaci\u00f3n de las 23 Comisiones de Trabajo (anteriormente exist\u00edan 11), la designaci\u00f3n de las autoridades para presidirlas (con paridad de g\u00e9nero) y la distribuci\u00f3n de los proyectos de ley para cada una de ellas en funci\u00f3n de las nuevas Comisiones.<\/p>\n<p>En este sentido se indic\u00f3 que cada presidenta o presidente de Comisi\u00f3n se encuentra trabajando en el an\u00e1lisis de los proyectos para ir d\u00e1ndole tratamiento en las reuniones que se est\u00e1n realizando de manera virtual y por videoconferencias, y est\u00e1n ingresando nuevos proyectos de ley elaborados por sus integrantes tambi\u00e9n en forma virtual implementada esta semana.<\/p>\n<p>\u201cLa C\u00e1mara est\u00e1 funcionando, obviamente con las adaptaciones necesarias para esta situaci\u00f3n \u00fanica y extraordinaria que es la pandemia.\u00a0 Es indispensable acompa\u00f1ar y sostener desde el \u00e1mbito legislativo las tareas que viene realizando nuestro gobernador Bordet y su equipo de trabajo en un momento tan particular\u201d, dijo Giano, quien mediante el decreto 031 de la C\u00e1mara de Diputados -fechado el 13 de abril-, adhiri\u00f3 nuevamente a las disposiciones nacionales y provinciales para cumplir con el aislamiento social, preventivo y obligatorio.<\/p>\n<p>Asimismo, se destac\u00f3 que con las \u00e1reas de los equipos t\u00e9cnicos de Inform\u00e1tica, comisiones y la propia Secretar\u00eda de la C\u00e1mara, se dise\u00f1\u00f3 una plataforma virtual propia para el trabajo de las Comisiones. Esta modalidad fue implementada en la primera reuni\u00f3n, llevada a cabo d\u00edas atr\u00e1s, de las comisiones de Legislaci\u00f3n General y Salud, y desde este mi\u00e9rcoles las comisiones cuentan adem\u00e1s con la incorporaci\u00f3n de las videollamadas, para lo cual se contrat\u00f3 desde la C\u00e1mara una plataforma especial.<\/p>\n<p>Tambi\u00e9n se inform\u00f3 que las distintas \u00e1reas han mantenido el trabajo, en muchos casos desde sus hogares, cumpliendo con las necesidades de la C\u00e1mara. Adem\u00e1s, las \u00e1reas contables y administrativas han estado trabajando con guardias activas para cumplir con los compromisos correspondientes con los empleados legislativos y proveedores.<\/p>\n<p>&nbsp;<\/p>\n<p><strong>Videoconferencias con autoridades<\/strong><\/p>\n<p>\u201cVenimos trabajando desde que se inici\u00f3 la cuarentena a trav\u00e9s de plataformas virtuales, de videoconferencias, de llamados permanentes y tambi\u00e9n hemos realizado algunas reuniones en las que hemos tomado las medidas de distanciamiento recomendadas por las autoridades sanitarias, pero la C\u00e1mara ha tenido un trabajo sostenido\u201d, asegur\u00f3 Giano respecto a la labor que se ha realizado tanto en la participaci\u00f3n de las reuniones de Gabinete, junto al Gobernador de la Provincia, como as\u00ed tambi\u00e9n en las reuniones con los jefes de los bloques de la C\u00e1mara, o con autoridades.<\/p>\n<p>En este sentido, el Diputado se\u00f1al\u00f3 que \u201chubo una predisposici\u00f3n total de las autoridades y funcionariado del gabinete para estar a disposici\u00f3n de todas las preguntas que las y los legisladores de todos los bloques realizaron en dos videoconferencias, una de ellas encabezadas por el gobernador Bordet, en donde durante m\u00e1s de seis horas se inform\u00f3 sobre las acciones que se vienen llevando a cabo desde el Poder Ejecutivo Provincial para hacer frente a la pandemia y a sus consecuencias sanitarias, sociales y econ\u00f3micas\u201d<\/p>\n<p>Giano acot\u00f3 que adem\u00e1s el Gobernador recibi\u00f3 en una audiencia especial de m\u00e1s de dos horas a los jefes de los bloques tanto de Diputados como de Senadores, donde brind\u00f3 precisiones sobre cada una de las acciones que la Provincia realiza para mitigar los efectos de la pandemia y del aislamiento social preventivo y obligatorio.<\/p>\n<p>\u201cDebemos ser conscientes del esfuerzo singular que tenemos que hacer las diputadas, los diputados y las autoridades de la C\u00e1mara para cumplir con las indicaciones con el fin de preservar lo m\u00e1s valioso, que es la vida de las personas, y adaptarnos a estas in\u00e9ditas circunstancias que nos obligan a pensar en nuevas modalidades de trabajo legislativo, seguramente por varios meses m\u00e1s\u201d, puntualiz\u00f3.<\/p>\n","protected":false},"excerpt":{"rendered":"<p>El presidente de la C\u00e1mara de Diputados, \u00c1ngel Giano, inform\u00f3 sobre las actividades que viene realizando el \u00f3rgano legislativo en el marco del\u00a0 aislamiento social preventivo y obligatorio. Destac\u00f3 el trabajo de las diputadas y los diputados en este contexto de crisis sanitaria hist\u00f3rica &nbsp; &nbsp; Giano puso de relieve el trabajo que vienen realizando las diputadas y los diputados en sus ciudades, acompa\u00f1ando las decisiones y las actividades que establecen el Ejecutivo provincial y los municipios para hacer frente a la pandemia, ayudando a los vecinos que m\u00e1s necesitan&#8230;<\/p>\n","protected":false},"author":3,"featured_media":60189,"comment_status":"closed","ping_status":"closed","sticky":false,"template":"","format":"standard","meta":[],"categories":[15],"tags":[],"_links":{"self":[{"href":"https:\/\/www.actualidadadiario.com\/index.php\/wp-json\/wp\/v2\/posts\/60355"}],"collection":[{"href":"https:\/\/www.actualidadadiario.com\/index.php\/wp-json\/wp\/v2\/posts"}],"about":[{"href":"https:\/\/www.actualidadadiario.com\/index.php\/wp-json\/wp\/v2\/types\/post"}],"author":[{"embeddable":true,"href":"https:\/\/www.actualidadadiario.com\/index.php\/wp-json\/wp\/v2\/users\/3"}],"replies":[{"embeddable":true,"href":"https:\/\/www.actualidadadiario.com\/index.php\/wp-json\/wp\/v2\/comments?post=60355"}],"version-history":[{"count":1,"href":"https:\/\/www.actualidadadiario.com\/index.php\/wp-json\/wp\/v2\/posts\/60355\/revisions"}],"predecessor-version":[{"id":60356,"href":"https:\/\/www.actualidadadiario.com\/index.php\/wp-json\/wp\/v2\/posts\/60355\/revisions\/60356"}],"wp:featuredmedia":[{"embeddable":true,"href":"https:\/\/www.actualidadadiario.com\/index.php\/wp-json\/wp\/v2\/media\/60189"}],"wp:attachment":[{"href":"https:\/\/www.actualidadadiario.com\/index.php\/wp-json\/wp\/v2\/media?parent=60355"}],"wp:term":[{"taxonomy":"category","embeddable":true,"href":"https:\/\/www.actualidadadiario.com\/index.php\/wp-json\/wp\/v2\/categories?post=60355"},{"taxonomy":"post_tag","embeddable":true,"href":"https:\/\/www.actualidadadiario.com\/index.php\/wp-json\/wp\/v2\/tags?post=60355"}],"curies":[{"name":"wp","href":"https:\/\/api.w.org\/{rel}","templated":true}]}}