{"id":60352,"date":"2020-04-16T14:56:08","date_gmt":"2020-04-16T17:56:08","guid":{"rendered":"https:\/\/www.actualidadadiario.com\/?p=60352"},"modified":"2020-04-16T14:56:08","modified_gmt":"2020-04-16T17:56:08","slug":"el-ministerio-de-salud-recibio-de-la-uner-500-mascaras-de-proteccion-facial","status":"publish","type":"post","link":"https:\/\/www.actualidadadiario.com\/index.php\/2020\/04\/16\/el-ministerio-de-salud-recibio-de-la-uner-500-mascaras-de-proteccion-facial\/","title":{"rendered":"El Ministerio de Salud recibi\u00f3 de la UNER 500 m\u00e1scaras de protecci\u00f3n facial"},"content":{"rendered":"<p style=\"text-align: center;\"><em><strong>En el marco de la emergencia sanitaria por Covid-19, la Facultad de Ingenier\u00eda de la Universidad Nacional de Entre R\u00edos (UNER) don\u00f3 al Ministerio de Salud 500 m\u00e1scaras de protecci\u00f3n facial. Los elementos est\u00e1n indicados para la atenci\u00f3n de pacientes con cualquier tipo de sintomatolog\u00eda respiratoria<\/strong><\/em><\/p>\n<p>&nbsp;<\/p>\n<p>&nbsp;<\/p>\n<p>Atendiendo el contexto de emergencia sanitaria en el marco de la pandemia por Covid-19, la Universidad Nacional de Entre R\u00edos (UNER) don\u00f3 al Ministerio de Salud 500 m\u00e1scaras de protecci\u00f3n facial. En la oportunidad, la titular de la cartera entrerriana, Sonia Vel\u00e1zquez, se reuni\u00f3 con el rector de la casa de estudios, Andr\u00e9s Sabella, para dialogar adem\u00e1s sobre la situaci\u00f3n actual de la provincia.<\/p>\n<p>Vel\u00e1zquez transmiti\u00f3 el agradecimiento del gobernador Gustavo Bordet y destac\u00f3 la iniciativa de acompa\u00f1amiento por parte de la Universidad frente a la problem\u00e1tica por el nuevo Coronavirus, definiendo a la misma como algo \u201cno menor\u201d. Asimismo, referenci\u00f3: \u201cLa pandemia despierta solidaridad y esto ha sido de mucha fortaleza para lograr sostenernos\u201d.<\/p>\n<p>La ministra de Salud de Entre R\u00edos tambi\u00e9n expuso ante las autoridades acad\u00e9micas la modalidad de trabajo que se lleva adelante desde el Comit\u00e9 de Organizaci\u00f3n de Emergencia de Salud (COES) en materia de recursos humanos, insumos e infraestructura. Adem\u00e1s, mencion\u00f3 que la l\u00ednea rectora est\u00e1 dada por el Ministerio de Salud de la Naci\u00f3n.<\/p>\n<p>Por su parte, Sabella destac\u00f3: \u201cComo Universidad, con los nueve decanos de todas las Facultades que integran la UNER, estamos a disposici\u00f3n de lo que solicite el Ejecutivo provincial, para ayudar en lo que el Gobierno considere necesario, ya que son ellos quienes tienen la mirada macro de la situaci\u00f3n\u201d.<\/p>\n<p>En tanto que la Coordinadora de Vinculaci\u00f3n Tecnol\u00f3gica de la Facultad de Ingenier\u00eda, Alejandra Morales, explic\u00f3: \u201cArmamos un grupo de emergencia sanitaria desde el cual definimos distintas \u00e1reas, y una es sobre los elementos de protecci\u00f3n personal. El proyecto de elaboraci\u00f3n de m\u00e1scaras faciales se desarrolla de forma articulada con la empresa Promedon (C\u00f3rdoba), con quien se mont\u00f3 un proceso de producci\u00f3n industrial que permitir\u00e1 producir 4.000 por d\u00eda\u201d.<\/p>\n<p>Al finalizar, la secretaria de Salud, Carina Reh, se\u00f1al\u00f3 que los elementos recibidos est\u00e1n indicados para atender a pacientes que presenten cualquier sintomatolog\u00eda respiratoria, no s\u00f3lo Covid-19.<\/p>\n<p>Cabe mencionar que del encuentro tambi\u00e9n participaron el secretario de Ciencia y T\u00e9cnica de la UNER, Gabriel Gentiletti; y el decano de la Facultad de Ingenier\u00eda, Diego Campana.<\/p>\n","protected":false},"excerpt":{"rendered":"<p>En el marco de la emergencia sanitaria por Covid-19, la Facultad de Ingenier\u00eda de la Universidad Nacional de Entre R\u00edos (UNER) don\u00f3 al Ministerio de Salud 500 m\u00e1scaras de protecci\u00f3n facial. Los elementos est\u00e1n indicados para la atenci\u00f3n de pacientes con cualquier tipo de sintomatolog\u00eda respiratoria &nbsp; &nbsp; Atendiendo el contexto de emergencia sanitaria en el marco de la pandemia por Covid-19, la Universidad Nacional de Entre R\u00edos (UNER) don\u00f3 al Ministerio de Salud 500 m\u00e1scaras de protecci\u00f3n facial. En la oportunidad, la titular de la cartera entrerriana, Sonia Vel\u00e1zquez,&#8230;<\/p>\n","protected":false},"author":3,"featured_media":60353,"comment_status":"closed","ping_status":"closed","sticky":false,"template":"","format":"standard","meta":[],"categories":[15],"tags":[],"_links":{"self":[{"href":"https:\/\/www.actualidadadiario.com\/index.php\/wp-json\/wp\/v2\/posts\/60352"}],"collection":[{"href":"https:\/\/www.actualidadadiario.com\/index.php\/wp-json\/wp\/v2\/posts"}],"about":[{"href":"https:\/\/www.actualidadadiario.com\/index.php\/wp-json\/wp\/v2\/types\/post"}],"author":[{"embeddable":true,"href":"https:\/\/www.actualidadadiario.com\/index.php\/wp-json\/wp\/v2\/users\/3"}],"replies":[{"embeddable":true,"href":"https:\/\/www.actualidadadiario.com\/index.php\/wp-json\/wp\/v2\/comments?post=60352"}],"version-history":[{"count":1,"href":"https:\/\/www.actualidadadiario.com\/index.php\/wp-json\/wp\/v2\/posts\/60352\/revisions"}],"predecessor-version":[{"id":60354,"href":"https:\/\/www.actualidadadiario.com\/index.php\/wp-json\/wp\/v2\/posts\/60352\/revisions\/60354"}],"wp:featuredmedia":[{"embeddable":true,"href":"https:\/\/www.actualidadadiario.com\/index.php\/wp-json\/wp\/v2\/media\/60353"}],"wp:attachment":[{"href":"https:\/\/www.actualidadadiario.com\/index.php\/wp-json\/wp\/v2\/media?parent=60352"}],"wp:term":[{"taxonomy":"category","embeddable":true,"href":"https:\/\/www.actualidadadiario.com\/index.php\/wp-json\/wp\/v2\/categories?post=60352"},{"taxonomy":"post_tag","embeddable":true,"href":"https:\/\/www.actualidadadiario.com\/index.php\/wp-json\/wp\/v2\/tags?post=60352"}],"curies":[{"name":"wp","href":"https:\/\/api.w.org\/{rel}","templated":true}]}}