{"id":60346,"date":"2020-04-16T14:54:29","date_gmt":"2020-04-16T17:54:29","guid":{"rendered":"https:\/\/www.actualidadadiario.com\/?p=60346"},"modified":"2020-04-16T14:54:29","modified_gmt":"2020-04-16T17:54:29","slug":"la-provincia-se-sumo-al-conversatorio-virtual-del-ministerio-de-mujeres-ante-el-covid-19","status":"publish","type":"post","link":"https:\/\/www.actualidadadiario.com\/index.php\/2020\/04\/16\/la-provincia-se-sumo-al-conversatorio-virtual-del-ministerio-de-mujeres-ante-el-covid-19\/","title":{"rendered":"La provincia se sum\u00f3 al conversatorio virtual del Ministerio de Mujeres ante el Covid 19"},"content":{"rendered":"<p style=\"text-align: center;\"><em><strong>La ministra de Desarrollo Social, Marisa Paira, junto a la secretaria de Mujeres, G\u00e9nero y Diversidad, Mariana Broggi, participaron del conversatorio virtual sobre c\u00f3mo transversalizar la perspectiva de g\u00e9nero en las respuestas ante la crisis sanitaria por el Covid 19<\/strong><\/em><\/p>\n<p>&nbsp;<\/p>\n<p>&nbsp;<\/p>\n<p>La propuesta de este mi\u00e9rcoles form\u00f3 parte de un ciclo de encuentros, organizado por el Ministerio de las Mujeres, G\u00e9neros y Diversidad de la Naci\u00f3n junto a ONU Mujeres, y se centr\u00f3 en las respuestas de los gobiernos provinciales y municipales que se est\u00e1n planteando en torno a la pandemia.<\/p>\n<p>\u201cComo integrantes del Consejo Federal del Ministerio de las Mujeres, G\u00e9neros y Diversidad de la Naci\u00f3n nos sumamos a este espacio de intercambio en el cual las provincias compartimos las iniciativas y los desaf\u00edos que transitamos ante el nuevo coronavirus\u201d, explic\u00f3 la ministra Paira, quien mencion\u00f3 que \u201clas estrategias en la materia tambi\u00e9n se est\u00e1n delineando bajo las indicaciones del Comit\u00e9 de Emergencia Sanitaria, en un trabajo interministerial que acompa\u00f1a las acciones locales de cada punto de nuestro territorio\u201d.<\/p>\n<p>Chaco abri\u00f3 la ronda de exposiciones ante las m\u00e1s de 90 participantes que se sumaron a la propuesta. Las intervenciones que se escucharon durante el encuentro virtual se relacionaron con las principales iniciativas destinadas a enfrentar los efectos diferenciales por g\u00e9nero de la crisis sanitaria del Covid 19 y los desaf\u00edos en esta tarea.<\/p>\n<p>&nbsp;<\/p>\n<p><strong>La experiencia de la provincia<\/strong><\/p>\n<p>La secretaria de Mujeres plante\u00f3 que se trabaja en tres grandes l\u00edneas: atenci\u00f3n, asistencia y erradicaci\u00f3n de la violencia contra las mujeres, dise\u00f1o y ejecuci\u00f3n de pol\u00edticas de equidad e igualdad de oportunidades y prevenci\u00f3n a trav\u00e9s de la difusi\u00f3n, capacitaci\u00f3n y sensibilizaci\u00f3n.<\/p>\n<p>\u201cEn Entre R\u00edos, y en el marco del trabajo que venimos llevando adelante con la Justicia, la Oficina de G\u00e9nero, el Ministerio P\u00fablico Fiscal y el Ministerio P\u00fablico de la Defensa, no hemos tenido un incremento de las denuncias, pero s\u00ed registramos un incremento de las consultas\u201d, expuso.<\/p>\n<p>Asimismo, Broggi brind\u00f3 un detalle de las medidas implementadas en Entre R\u00edos en el marco de la emergencia sanitaria. \u201cEstamos trabajando de manera articulada con las 42 \u00e1reas Mujeres que hay en toda la provincia, la Polic\u00eda, la Oficina de Asistencia a la V\u00edctima, los juzgados de familia, los gremios y las organizaciones sociales para asistir a mujeres\u201d, inform\u00f3.<\/p>\n<p>Se instrumentaron guardias de los equipos profesionales, se garantiz\u00f3 el normal funcionamiento del hogar provincial In\u00e9s Londra y se coordinaron acciones con los once hogares municipales. Tambi\u00e9n desde la Secretar\u00eda trabajan de manera articulada con la Polic\u00eda y con los juzgados.<\/p>\n<p>\u201cAdem\u00e1s, el Ministerio de Gobierno, a trav\u00e9s de las resoluci\u00f3n 088, autoriz\u00f3 a mujeres y personas LGBTIQ+ a salir de sus domicilios para realizar denuncias y solicitar ayuda\u201d, repas\u00f3 la funcionaria.<\/p>\n<p>La secretaria destac\u00f3 que \u201cse reforzaron las campa\u00f1as de comunicaci\u00f3n respecto a las v\u00edas existentes para asistencia y contenci\u00f3n\u201d.<\/p>\n<p>Sobre el final, Broggi asever\u00f3: \u201cPara adelante nos espera el desaf\u00edo de sostener las capacitaciones en la provincia, pensando en una instancia superadora, trabajando con la Subsecretar\u00eda de Juventud y con el Consejo General de Educaci\u00f3n\u201d.<\/p>\n","protected":false},"excerpt":{"rendered":"<p>La ministra de Desarrollo Social, Marisa Paira, junto a la secretaria de Mujeres, G\u00e9nero y Diversidad, Mariana Broggi, participaron del conversatorio virtual sobre c\u00f3mo transversalizar la perspectiva de g\u00e9nero en las respuestas ante la crisis sanitaria por el Covid 19 &nbsp; &nbsp; La propuesta de este mi\u00e9rcoles form\u00f3 parte de un ciclo de encuentros, organizado por el Ministerio de las Mujeres, G\u00e9neros y Diversidad de la Naci\u00f3n junto a ONU Mujeres, y se centr\u00f3 en las respuestas de los gobiernos provinciales y municipales que se est\u00e1n planteando en torno a&#8230;<\/p>\n","protected":false},"author":3,"featured_media":60347,"comment_status":"closed","ping_status":"closed","sticky":false,"template":"","format":"standard","meta":[],"categories":[15],"tags":[],"_links":{"self":[{"href":"https:\/\/www.actualidadadiario.com\/index.php\/wp-json\/wp\/v2\/posts\/60346"}],"collection":[{"href":"https:\/\/www.actualidadadiario.com\/index.php\/wp-json\/wp\/v2\/posts"}],"about":[{"href":"https:\/\/www.actualidadadiario.com\/index.php\/wp-json\/wp\/v2\/types\/post"}],"author":[{"embeddable":true,"href":"https:\/\/www.actualidadadiario.com\/index.php\/wp-json\/wp\/v2\/users\/3"}],"replies":[{"embeddable":true,"href":"https:\/\/www.actualidadadiario.com\/index.php\/wp-json\/wp\/v2\/comments?post=60346"}],"version-history":[{"count":1,"href":"https:\/\/www.actualidadadiario.com\/index.php\/wp-json\/wp\/v2\/posts\/60346\/revisions"}],"predecessor-version":[{"id":60348,"href":"https:\/\/www.actualidadadiario.com\/index.php\/wp-json\/wp\/v2\/posts\/60346\/revisions\/60348"}],"wp:featuredmedia":[{"embeddable":true,"href":"https:\/\/www.actualidadadiario.com\/index.php\/wp-json\/wp\/v2\/media\/60347"}],"wp:attachment":[{"href":"https:\/\/www.actualidadadiario.com\/index.php\/wp-json\/wp\/v2\/media?parent=60346"}],"wp:term":[{"taxonomy":"category","embeddable":true,"href":"https:\/\/www.actualidadadiario.com\/index.php\/wp-json\/wp\/v2\/categories?post=60346"},{"taxonomy":"post_tag","embeddable":true,"href":"https:\/\/www.actualidadadiario.com\/index.php\/wp-json\/wp\/v2\/tags?post=60346"}],"curies":[{"name":"wp","href":"https:\/\/api.w.org\/{rel}","templated":true}]}}