{"id":60340,"date":"2020-04-16T14:52:45","date_gmt":"2020-04-16T17:52:45","guid":{"rendered":"https:\/\/www.actualidadadiario.com\/?p=60340"},"modified":"2020-04-16T14:52:45","modified_gmt":"2020-04-16T17:52:45","slug":"bordet-analizo-la-situacion-epidemiologica-de-entre-rios-ante-el-coronavirus","status":"publish","type":"post","link":"https:\/\/www.actualidadadiario.com\/index.php\/2020\/04\/16\/bordet-analizo-la-situacion-epidemiologica-de-entre-rios-ante-el-coronavirus\/","title":{"rendered":"Bordet analiz\u00f3 la situaci\u00f3n epidemiol\u00f3gica de Entre R\u00edos ante el coronavirus"},"content":{"rendered":"<p style=\"text-align: center;\"><em><strong>El gobernador Gustavo Bordet, acompa\u00f1ado por miembros de su gabinete, recibi\u00f3 a la especialista en Epidemiolog\u00eda Elena Pedroni, asesora del COES, con quien evalu\u00f3 las acciones que se realizan en la provincia por la pandemia de Covid-19<\/strong><\/em><\/p>\n<p>&nbsp;<\/p>\n<p>&nbsp;<\/p>\n<p>En un encuentro realizado este mi\u00e9rcoles en Casa de Gobierno, el mandatario Gustavo Bordet, junto a la vicegobernadora Laura Stratta; los ministros de Salud, Sonia Vel\u00e1zquez; de Econom\u00eda, Hugo Ballay; de Desarrollo Social, Marisa Paira; de Planeamiento, Marcelo Richard; de Producci\u00f3n, Juan Jos\u00e9 Bahillo; de Gobierno, Rosario Romero y el director Epidemiologia, Diego Garcilazo, analizaron y evaluaron con la especialista en Epidemiolog\u00eda, Elena Pedroni, las acciones que se vienen desarrollando en provincia por la pandemia de coronavirus.<\/p>\n<p>Tras la reuni\u00f3n, la m\u00e9dica precis\u00f3 que trataron &#8220;varios temas referidos al coronavirus, a la circulaci\u00f3n en la provincia, a la situaci\u00f3n epidemiol\u00f3gica de Entre R\u00edos y de provincias vecinas, a las diferentes medidas que est\u00e1 tomando Argentina y otros pa\u00edses para controlar el virus, y analizamos cu\u00e1les son las mejores estrategias para ir flexibilizando la salida de la cuarentena tal como sugiri\u00f3 el Presidente de la Naci\u00f3n&#8221;.<\/p>\n<p>&#8220;La circulaci\u00f3n del virus en la provincia de Entre R\u00edos es muy baja por las medidas dispuestas por el gobierno provincial&#8221;, dijo Pedroni y acot\u00f3, que eso &#8220;ha permitido a las autoridades preparar los servicios de Salud, escribir los protocolos, hacer las capacitaciones, adquirir y repartir insumos, para poder preparar los servicios de salud para cuando comience el invierno y la circulaci\u00f3n un poco m\u00e1s acelerada que puede llegar a pasar al momento de flexibilizarse la cuarentena, ya que habr\u00e1 m\u00e1s personas circulando y por lo tanto el virus tambi\u00e9n comenzar\u00e1 a circular\u201d.<\/p>\n<p>A continuaci\u00f3n, expres\u00f3 que \u201cesto no significa que hay que tener miedo. El virus va a circular, vamos a crear inmunidad y siempre los que tienen que estar en cuarentena y confinamiento obligatorio son las personas que pueden llegar a tener riesgo a agravar&#8221;.<\/p>\n<p>Luego coment\u00f3 que se trabaja en forma conjunta con los municipios. &#8220;Se hicieron reuniones para comentarles las estrategias y los protocolos que tienen que escribir, y siempre se trata de empoderar a los intendentes y jefes de juntas de gobierno para poder realizar una supervisi\u00f3n estricta de las medidas que ellos est\u00e1n proponiendo tomar para reactivaci\u00f3n de la econom\u00eda en ese municipio&#8221;, acot\u00f3.<\/p>\n<p>La profesional aclar\u00f3 finalmente que &#8220;para la poblaci\u00f3n en general se sugiere el uso de tapa boca cuando uno acude a lugares donde hay muchas personas, como medios de transporte, supermercados, farmacias, centros de salud. Es sugerencia y no obligaci\u00f3n\u201d.<\/p>\n<p>\u201cCuando uno no tiene garantizado el distanciamiento social de 1,5 o 2 metros se sugiere utilizar el tapa boca y no barbijo porque \u00e9ste es exclusivamente de uso para el personal de Salud&#8221;, insisti\u00f3 y finalmente destac\u00f3 la importancia de lavarse las manos para colocar los tapa boca o si lo toc\u00f3.<\/p>\n<p>&nbsp;<\/p>\n<p><strong>Trayectoria de la especialista<\/strong><\/p>\n<p>Cabe aclarar que Elena Pedroni es bioqu\u00edmica, especialista en Epidemiolog\u00eda y que actualmente se desempe\u00f1a como Consultora Internacional de la Organizaci\u00f3n Panamericana de la Salud. Desde ese rol ha participado y conducido diversas misiones de investigaci\u00f3n y respuesta a brotes de enfermedades transmisibles, incluyendo la pandemia de influenza en Ciudad de M\u00e9xico.<\/p>\n<p>Adem\u00e1s, ha ejercido los cargos de Epidemi\u00f3logo Senior en proyectos del Banco Mundial; directora de Epidemiolog\u00eda del Ministerio de Salud de la Naci\u00f3n, Argentina, entre otros.<\/p>\n","protected":false},"excerpt":{"rendered":"<p>El gobernador Gustavo Bordet, acompa\u00f1ado por miembros de su gabinete, recibi\u00f3 a la especialista en Epidemiolog\u00eda Elena Pedroni, asesora del COES, con quien evalu\u00f3 las acciones que se realizan en la provincia por la pandemia de Covid-19 &nbsp; &nbsp; En un encuentro realizado este mi\u00e9rcoles en Casa de Gobierno, el mandatario Gustavo Bordet, junto a la vicegobernadora Laura Stratta; los ministros de Salud, Sonia Vel\u00e1zquez; de Econom\u00eda, Hugo Ballay; de Desarrollo Social, Marisa Paira; de Planeamiento, Marcelo Richard; de Producci\u00f3n, Juan Jos\u00e9 Bahillo; de Gobierno, Rosario Romero y el director&#8230;<\/p>\n","protected":false},"author":3,"featured_media":60341,"comment_status":"closed","ping_status":"closed","sticky":false,"template":"","format":"standard","meta":[],"categories":[9],"tags":[],"_links":{"self":[{"href":"https:\/\/www.actualidadadiario.com\/index.php\/wp-json\/wp\/v2\/posts\/60340"}],"collection":[{"href":"https:\/\/www.actualidadadiario.com\/index.php\/wp-json\/wp\/v2\/posts"}],"about":[{"href":"https:\/\/www.actualidadadiario.com\/index.php\/wp-json\/wp\/v2\/types\/post"}],"author":[{"embeddable":true,"href":"https:\/\/www.actualidadadiario.com\/index.php\/wp-json\/wp\/v2\/users\/3"}],"replies":[{"embeddable":true,"href":"https:\/\/www.actualidadadiario.com\/index.php\/wp-json\/wp\/v2\/comments?post=60340"}],"version-history":[{"count":1,"href":"https:\/\/www.actualidadadiario.com\/index.php\/wp-json\/wp\/v2\/posts\/60340\/revisions"}],"predecessor-version":[{"id":60342,"href":"https:\/\/www.actualidadadiario.com\/index.php\/wp-json\/wp\/v2\/posts\/60340\/revisions\/60342"}],"wp:featuredmedia":[{"embeddable":true,"href":"https:\/\/www.actualidadadiario.com\/index.php\/wp-json\/wp\/v2\/media\/60341"}],"wp:attachment":[{"href":"https:\/\/www.actualidadadiario.com\/index.php\/wp-json\/wp\/v2\/media?parent=60340"}],"wp:term":[{"taxonomy":"category","embeddable":true,"href":"https:\/\/www.actualidadadiario.com\/index.php\/wp-json\/wp\/v2\/categories?post=60340"},{"taxonomy":"post_tag","embeddable":true,"href":"https:\/\/www.actualidadadiario.com\/index.php\/wp-json\/wp\/v2\/tags?post=60340"}],"curies":[{"name":"wp","href":"https:\/\/api.w.org\/{rel}","templated":true}]}}