{"id":60313,"date":"2020-04-15T13:16:29","date_gmt":"2020-04-15T16:16:29","guid":{"rendered":"https:\/\/www.actualidadadiario.com\/?p=60313"},"modified":"2020-04-15T13:16:29","modified_gmt":"2020-04-15T16:16:29","slug":"monotributistas-y-autonomos-el-gobierno-ampliara-el-universo-de-beneficiarios","status":"publish","type":"post","link":"https:\/\/www.actualidadadiario.com\/index.php\/2020\/04\/15\/monotributistas-y-autonomos-el-gobierno-ampliara-el-universo-de-beneficiarios\/","title":{"rendered":"Monotributistas y aut\u00f3nomos: el Gobierno ampliar\u00e1 el universo de beneficiarios"},"content":{"rendered":"<p style=\"text-align: center;\"><em><strong>La intenci\u00f3n oficial es dise\u00f1ar una herramienta espec\u00edfica para brindar una ayuda a los trabajadores independientes en este momento de crisis econ\u00f3mica global, que se anunciar\u00e1 en los pr\u00f3ximos d\u00edas<\/strong><\/em><\/p>\n<p>&nbsp;<\/p>\n<p>&nbsp;<\/p>\n<p>El Gobierno prepara medidas de alivio para trabajadores aut\u00f3nomos y monotributistas de las dos categor\u00edas siguientes a las m\u00e1s bajas (C y D). Para analizar este tema se reuni\u00f3 este martes el jefe de Gabinete, Santiago Cafiero, con el equipo econ\u00f3mico, donde &#8220;se avanz\u00f3 en una serie de medidas para trabajadores y monotributistas, que fueron solicitadas por el presidente Alberto Fern\u00e1ndez&#8221;.<\/p>\n<p>&#8220;La intenci\u00f3n es dise\u00f1ar una herramienta espec\u00edfica para brindar una ayuda a los trabajadores independientes en este momento de crisis econ\u00f3mica global, que se anunciar\u00e1 en los pr\u00f3ximos d\u00edas&#8221;, comunic\u00f3 la Jefatura de Gabinete.<\/p>\n<p>El Presidente hab\u00eda reconocido d\u00edas atr\u00e1s, al decretarse la extensi\u00f3n del aislamiento social preventivo y obligatorio que en se estaba en evaluaci\u00f3n c\u00f3mo ayudar a los monotributistas de las categor\u00edas C y D, excluidos del beneficio del Ingreso Familiar Extraordinario (IFE) que alcanza a las A y B. Kulfas, quien particip\u00f3 de la reuni\u00f3n que encabez\u00f3 Cafiero, confirm\u00f3 que se va &#8220;estar anunciando medidas adicionales respecto a otros monotributistas y a aut\u00f3nomos&#8221;.<\/p>\n<p>&#8220;Se est\u00e1 discutiendo en el Gabinete un conjunto de alternativas, entre ellas, otro cobro del IFE u otra alternativa complementaria, m\u00e1s all\u00e1 de otras pol\u00edticas que ya se han anunciado&#8221;, agreg\u00f3 el director ejecutivo de la Anses, Alejandro Vanoli. En la reuni\u00f3n tambi\u00e9n se evaluaron los pedidos de asistencia, su otorgamiento y el estado actual de la colocaci\u00f3n de cr\u00e9ditos que prev\u00e9 el programa de Asistencia de Emergencia al Trabajo y la Producci\u00f3n (ATP).<\/p>\n<p>El relevamiento de las empresas ya inscriptas llega a un total de 325 mil hasta este martes, y de las cuales 210 mil ya cuentan con la autorizaci\u00f3n a la pr\u00f3rroga de contribuciones patronales. En este sentido, el gobierno decidi\u00f3 ampliar los sectores para su incorporaci\u00f3n al programa ATP para que llegue la asistencia del Estado.<\/p>\n","protected":false},"excerpt":{"rendered":"<p>La intenci\u00f3n oficial es dise\u00f1ar una herramienta espec\u00edfica para brindar una ayuda a los trabajadores independientes en este momento de crisis econ\u00f3mica global, que se anunciar\u00e1 en los pr\u00f3ximos d\u00edas &nbsp; &nbsp; El Gobierno prepara medidas de alivio para trabajadores aut\u00f3nomos y monotributistas de las dos categor\u00edas siguientes a las m\u00e1s bajas (C y D). Para analizar este tema se reuni\u00f3 este martes el jefe de Gabinete, Santiago Cafiero, con el equipo econ\u00f3mico, donde &#8220;se avanz\u00f3 en una serie de medidas para trabajadores y monotributistas, que fueron solicitadas por el&#8230;<\/p>\n","protected":false},"author":3,"featured_media":60314,"comment_status":"closed","ping_status":"closed","sticky":false,"template":"","format":"standard","meta":[],"categories":[18],"tags":[],"_links":{"self":[{"href":"https:\/\/www.actualidadadiario.com\/index.php\/wp-json\/wp\/v2\/posts\/60313"}],"collection":[{"href":"https:\/\/www.actualidadadiario.com\/index.php\/wp-json\/wp\/v2\/posts"}],"about":[{"href":"https:\/\/www.actualidadadiario.com\/index.php\/wp-json\/wp\/v2\/types\/post"}],"author":[{"embeddable":true,"href":"https:\/\/www.actualidadadiario.com\/index.php\/wp-json\/wp\/v2\/users\/3"}],"replies":[{"embeddable":true,"href":"https:\/\/www.actualidadadiario.com\/index.php\/wp-json\/wp\/v2\/comments?post=60313"}],"version-history":[{"count":1,"href":"https:\/\/www.actualidadadiario.com\/index.php\/wp-json\/wp\/v2\/posts\/60313\/revisions"}],"predecessor-version":[{"id":60315,"href":"https:\/\/www.actualidadadiario.com\/index.php\/wp-json\/wp\/v2\/posts\/60313\/revisions\/60315"}],"wp:featuredmedia":[{"embeddable":true,"href":"https:\/\/www.actualidadadiario.com\/index.php\/wp-json\/wp\/v2\/media\/60314"}],"wp:attachment":[{"href":"https:\/\/www.actualidadadiario.com\/index.php\/wp-json\/wp\/v2\/media?parent=60313"}],"wp:term":[{"taxonomy":"category","embeddable":true,"href":"https:\/\/www.actualidadadiario.com\/index.php\/wp-json\/wp\/v2\/categories?post=60313"},{"taxonomy":"post_tag","embeddable":true,"href":"https:\/\/www.actualidadadiario.com\/index.php\/wp-json\/wp\/v2\/tags?post=60313"}],"curies":[{"name":"wp","href":"https:\/\/api.w.org\/{rel}","templated":true}]}}