{"id":60310,"date":"2020-04-15T13:15:44","date_gmt":"2020-04-15T16:15:44","guid":{"rendered":"https:\/\/www.actualidadadiario.com\/?p=60310"},"modified":"2020-04-15T13:15:44","modified_gmt":"2020-04-15T16:15:44","slug":"massa-dijo-que-el-gobierno-lanzara-mas-medidas-para-pymes","status":"publish","type":"post","link":"https:\/\/www.actualidadadiario.com\/index.php\/2020\/04\/15\/massa-dijo-que-el-gobierno-lanzara-mas-medidas-para-pymes\/","title":{"rendered":"Massa dijo que el Gobierno lanzar\u00e1 m\u00e1s medidas para pymes"},"content":{"rendered":"<p style=\"text-align: center;\"><em><strong>El presidente de la C\u00e1mara de Diputados detall\u00f3 que se trabaja para &#8220;proteger el trabajo y las pymes argentinas&#8221; y que el Gobierno lo anunciar\u00e1 este jueves<\/strong><\/em><\/p>\n<p>&nbsp;<\/p>\n<p>&nbsp;<\/p>\n<p>El presidente de la C\u00e1mara de Diputados, Sergio Massa, anunci\u00f3 que el Gobierno &#8220;avanzar\u00e1&#8221; este jueves en anuncios de macroeconom\u00eda, y que prepara un conjunto de medidas para &#8220;proteger el trabajo y las pymes argentinas&#8221;, que se conocer\u00e1n en los pr\u00f3ximos d\u00edas.<\/p>\n<p>En declaraciones que realiz\u00f3 anoche a Am\u00e9rica TV, Massa anticip\u00f3 tambi\u00e9n que, durante la jornada de hoy, se anunciar\u00e1 un sistema de sesiones plenas por videoconferencia en la C\u00e1mara de Diputado que posibilitar\u00e1 votar leyes.<\/p>\n<p>&#8220;Claramente, en los pr\u00f3ximos d\u00edas habr\u00e1 un conjunto de medidas para proteger al trabajo argentino y para proteger a las pymes argentinas&#8221;, asegur\u00f3 Massa anoche en la entrevista, en la que precis\u00f3 que &#8220;en los pr\u00f3ximos 90 d\u00edas, aquellos que pagan impuestos y que se muerden la boca porque el Estado no les devuelve nada, van a a sentir por primera vez que tener Estado les sirve para tener herramientas&#8221;.<\/p>\n<p>Inform\u00f3 asimismo que hoy, a partir de un acuerdo con el Renaper &#8220;respecto de la validaci\u00f3n facial de identidad&#8221;, anunciar\u00e1 que &#8220;ya estamos en condiciones de tener sesiones de pleno por videoconferencia con sistema de votaci\u00f3n, adem\u00e1s, inalterable&#8221;.<\/p>\n<p>&#8220;De esa manera, se podr\u00e1n votar leyes&#8221;, indic\u00f3 Massa, quien, no obstante, destac\u00f3 la importancia de poder contar, para que eso ocurra, con una declaraci\u00f3n de certeza por parte de la Corte Suprema de Justicia de la Naci\u00f3n sobre la legalidad de la modalidad virtual para las sesiones legislativas, punto sobre el que ya requiri\u00f3 un pronunciamiento al m\u00e1ximo tribunal la titular del Senado y vicepresidenta de la Naci\u00f3n, Cristina Fern\u00e1ndez de Kirchner.<\/p>\n<p>Sobre el aspecto econ\u00f3mico, Massa destac\u00f3 que el Gobierno &#8220;ya lanz\u00f3 tuvo un sinn\u00famero de medidas, que tal vez no se han comunicado con la potencia necesaria, y no se ha transmitido y capitalizado con la fuerza que tiene que tener&#8221;, que &#8220;suman 860.000 millones de pesos, entre los programas alimentarios a los municipios, a las provincias, aumento de la inversi\u00f3n en obra p\u00fablica, que est\u00e1 exceptuada de la cuarentena&#8221;.<\/p>\n<p>En ese marco, anticip\u00f3 que &#8220;hay un segundo paquete de medidas, y el jueves el Gobierno va a avanzar en un tema que tiene que ver con la macroeconom\u00eda&#8221;.<\/p>\n<p>&#8220;A partir de ah\u00ed, viene una segunda etapa de medidas y de pol\u00edticas que proteger el trabajo y las pymes argentinas&#8221;, adelant\u00f3 el titular de la C\u00e1mara baja, quien detall\u00f3 que, entre esas medidas, &#8220;estar\u00e1 contemplada la situaci\u00f3n de monotributistas, aut\u00f3nomos y cuentapropistas&#8221;.<\/p>\n<p>Respecto de las decisiones del presidente Alberto Fern\u00e1ndez frente a la pandemia de coronavirus, Massa coment\u00f3 que se parti\u00f3 de &#8220;un primer dilema \u00e9tico, la vida de las personas o el funcionamiento normal de la econom\u00eda; y, cuando se mira la decisi\u00f3n que se tom\u00f3, y se compara la decisi\u00f3n de otros pa\u00edses, claramente la decisi\u00f3n del Presidente fue acertada&#8221;.<\/p>\n<p>No obstante, reconoci\u00f3 que &#8220;esa decisi\u00f3n tiene consecuencias, que hay que ir trabajando y corrigiendo todos los d\u00edas, y eso es que va haciendo el Gobierno&#8221; nacional.<\/p>\n<p>&#8220;El Gobierno ha demostrado desde el primer d\u00eda que esto lo encaraba como una batalla con dos frentes: la batalla sanitaria y la batalla econ\u00f3mica&#8221;, remarc\u00f3.<\/p>\n<p>En el aspecto sanitario, el titular de la C\u00e1mara baja destac\u00f3 que, hasta hoy, se verifica &#8220;un \u00e9xito muy importante en el cumplimiento de la cuarentena y de la curva de contagios; y con un dolor menor, que son los muertos de la Argentina comparados con otros pa\u00edses&#8221;.<\/p>\n","protected":false},"excerpt":{"rendered":"<p>El presidente de la C\u00e1mara de Diputados detall\u00f3 que se trabaja para &#8220;proteger el trabajo y las pymes argentinas&#8221; y que el Gobierno lo anunciar\u00e1 este jueves &nbsp; &nbsp; El presidente de la C\u00e1mara de Diputados, Sergio Massa, anunci\u00f3 que el Gobierno &#8220;avanzar\u00e1&#8221; este jueves en anuncios de macroeconom\u00eda, y que prepara un conjunto de medidas para &#8220;proteger el trabajo y las pymes argentinas&#8221;, que se conocer\u00e1n en los pr\u00f3ximos d\u00edas. En declaraciones que realiz\u00f3 anoche a Am\u00e9rica TV, Massa anticip\u00f3 tambi\u00e9n que, durante la jornada de hoy, se anunciar\u00e1&#8230;<\/p>\n","protected":false},"author":3,"featured_media":60311,"comment_status":"closed","ping_status":"closed","sticky":false,"template":"","format":"standard","meta":[],"categories":[18],"tags":[],"_links":{"self":[{"href":"https:\/\/www.actualidadadiario.com\/index.php\/wp-json\/wp\/v2\/posts\/60310"}],"collection":[{"href":"https:\/\/www.actualidadadiario.com\/index.php\/wp-json\/wp\/v2\/posts"}],"about":[{"href":"https:\/\/www.actualidadadiario.com\/index.php\/wp-json\/wp\/v2\/types\/post"}],"author":[{"embeddable":true,"href":"https:\/\/www.actualidadadiario.com\/index.php\/wp-json\/wp\/v2\/users\/3"}],"replies":[{"embeddable":true,"href":"https:\/\/www.actualidadadiario.com\/index.php\/wp-json\/wp\/v2\/comments?post=60310"}],"version-history":[{"count":1,"href":"https:\/\/www.actualidadadiario.com\/index.php\/wp-json\/wp\/v2\/posts\/60310\/revisions"}],"predecessor-version":[{"id":60312,"href":"https:\/\/www.actualidadadiario.com\/index.php\/wp-json\/wp\/v2\/posts\/60310\/revisions\/60312"}],"wp:featuredmedia":[{"embeddable":true,"href":"https:\/\/www.actualidadadiario.com\/index.php\/wp-json\/wp\/v2\/media\/60311"}],"wp:attachment":[{"href":"https:\/\/www.actualidadadiario.com\/index.php\/wp-json\/wp\/v2\/media?parent=60310"}],"wp:term":[{"taxonomy":"category","embeddable":true,"href":"https:\/\/www.actualidadadiario.com\/index.php\/wp-json\/wp\/v2\/categories?post=60310"},{"taxonomy":"post_tag","embeddable":true,"href":"https:\/\/www.actualidadadiario.com\/index.php\/wp-json\/wp\/v2\/tags?post=60310"}],"curies":[{"name":"wp","href":"https:\/\/api.w.org\/{rel}","templated":true}]}}