{"id":60307,"date":"2020-04-15T13:15:04","date_gmt":"2020-04-15T16:15:04","guid":{"rendered":"https:\/\/www.actualidadadiario.com\/?p=60307"},"modified":"2020-04-15T13:15:04","modified_gmt":"2020-04-15T16:15:04","slug":"cristina-pide-a-la-corte-un-aval-para-que-el-congreso-sesione-por-videoconferencia","status":"publish","type":"post","link":"https:\/\/www.actualidadadiario.com\/index.php\/2020\/04\/15\/cristina-pide-a-la-corte-un-aval-para-que-el-congreso-sesione-por-videoconferencia\/","title":{"rendered":"Cristina pide a la Corte un aval para que el Congreso sesione por videoconferencia"},"content":{"rendered":"<p style=\"text-align: center;\"><em><strong>La vicepresidenta de la Naci\u00f3n y presidenta del Senado, present\u00f3 una acci\u00f3n declarativa de certeza para conocer la validez constitucional de organizar sesiones parlamentarias a trav\u00e9s de medios electr\u00f3nicos<\/strong><\/em><\/p>\n<p>&nbsp;<\/p>\n<p>&nbsp;<\/p>\n<p>La vicepresidenta de la Naci\u00f3n y presidenta del Senado, Cristina Fern\u00e1ndez de Kirchner, present\u00f3 hoy una acci\u00f3n declarativa de certeza ante la Corte Suprema de Justicia para conocer la validez constitucional de organizar sesiones parlamentarias a trav\u00e9s de medios electr\u00f3nicos.<\/p>\n<p>La presentaci\u00f3n, anticipada ayer por fuentes de la C\u00e1mara alta, fue formalizada por la directora de Asuntos Jur\u00eddicos de la C\u00e1mara alta, Graciana Pe\u00f1afort.<\/p>\n<p>La \u201ccerteza de constitucionalidad\u201d servir\u00eda para resolver si el Congreso puede sesionar por videoconferencia, a ra\u00edz del aislamiento social por el coronavirus.<\/p>\n<p>El tr\u00e1mite busca conocer la validez de una sesi\u00f3n on line en aquellas materias que no pueden ser reguladas por Decreto de Necesidad y Urgencia (DNU) firmados por el Poder Ejecutivo, como cuestiones impositivas, penales o electorales.<\/p>\n<p>Los reglamentos de ambas C\u00e1maras legislativas proh\u00edben las sesiones no presenciales en el recinto parlamentario, por lo que cualquier votaci\u00f3n mediante la utilizaci\u00f3n de medios virtuales correr\u00eda el riesgo de ser declarada nula.<\/p>\n<p>Adem\u00e1s, una reforma reglamentaria deber\u00eda ser votada de manera presencial por los dos tercios de los presentes en el recinto, algo que en la actual situaci\u00f3n de distanciamiento social preventivo parece dif\u00edcil.<\/p>\n<p>El requerimiento elevado hoy ante el m\u00e1ximo tribunal tambi\u00e9n pretende que la Corte se expida sobre la cuesti\u00f3n con la mayor celeridad posible.<\/p>\n<p>En su presentaci\u00f3n, Fern\u00e1ndez de Kirchner menciona \u201cla acuciante necesidad de legislar en materia tributaria por las consecuencias econ\u00f3micas\u201d que la pandemia tiene sobre el mundo en general y sobre la Argentina en particular, y asegura: \u201cla situaci\u00f3n de crisis econ\u00f3mica y social que se desat\u00f3 hace un par de a\u00f1os en nuestro pa\u00eds no ha parado de profundizarse y la pandemia la agravar\u00e1 a l\u00edmites a\u00fan desconocidos\u201d.<\/p>\n<p>\u201cEn estas circunstancias, la necesidad de sesionar por parte del Congreso de la Naci\u00f3n es, a todas luces, impostergable\u201d, se\u00f1ala el escrito.<\/p>\n<p>Adem\u00e1s, menciona que el pedido de certeza se enmarca en \u201cla historia reciente de la Argentina en cuanto a la existencia de maniobras de todo tipo -incluidas las judiciales- tendientes a impedir la aplicaci\u00f3n de leyes que afecten intereses de grupos econ\u00f3micos\u201d.<\/p>\n<p>\u201cEl funcionamiento del Honorable Senado de la Naci\u00f3n y de la Honorable C\u00e1mara de Diputados es imprescindible. Resulta inviable su funcionamiento ordinario, porque ello podr\u00eda resultar en el compromiso de las vidas de los propios legisladores, del personal legislativo y todo su entorno familiar y comunitario\u201d, afirma Fern\u00e1ndez de Kirchner.<\/p>\n<p>Por \u00faltimo, la presentaci\u00f3n de la vicepresidenta apunta que \u201clas actuales circunstancias requieren que el Congreso de la Naci\u00f3n ejerza, ineludiblemente, sus facultades exclusivas\u201d.<\/p>\n","protected":false},"excerpt":{"rendered":"<p>La vicepresidenta de la Naci\u00f3n y presidenta del Senado, present\u00f3 una acci\u00f3n declarativa de certeza para conocer la validez constitucional de organizar sesiones parlamentarias a trav\u00e9s de medios electr\u00f3nicos &nbsp; &nbsp; La vicepresidenta de la Naci\u00f3n y presidenta del Senado, Cristina Fern\u00e1ndez de Kirchner, present\u00f3 hoy una acci\u00f3n declarativa de certeza ante la Corte Suprema de Justicia para conocer la validez constitucional de organizar sesiones parlamentarias a trav\u00e9s de medios electr\u00f3nicos. La presentaci\u00f3n, anticipada ayer por fuentes de la C\u00e1mara alta, fue formalizada por la directora de Asuntos Jur\u00eddicos de&#8230;<\/p>\n","protected":false},"author":3,"featured_media":60308,"comment_status":"closed","ping_status":"closed","sticky":false,"template":"","format":"standard","meta":[],"categories":[18],"tags":[],"_links":{"self":[{"href":"https:\/\/www.actualidadadiario.com\/index.php\/wp-json\/wp\/v2\/posts\/60307"}],"collection":[{"href":"https:\/\/www.actualidadadiario.com\/index.php\/wp-json\/wp\/v2\/posts"}],"about":[{"href":"https:\/\/www.actualidadadiario.com\/index.php\/wp-json\/wp\/v2\/types\/post"}],"author":[{"embeddable":true,"href":"https:\/\/www.actualidadadiario.com\/index.php\/wp-json\/wp\/v2\/users\/3"}],"replies":[{"embeddable":true,"href":"https:\/\/www.actualidadadiario.com\/index.php\/wp-json\/wp\/v2\/comments?post=60307"}],"version-history":[{"count":1,"href":"https:\/\/www.actualidadadiario.com\/index.php\/wp-json\/wp\/v2\/posts\/60307\/revisions"}],"predecessor-version":[{"id":60309,"href":"https:\/\/www.actualidadadiario.com\/index.php\/wp-json\/wp\/v2\/posts\/60307\/revisions\/60309"}],"wp:featuredmedia":[{"embeddable":true,"href":"https:\/\/www.actualidadadiario.com\/index.php\/wp-json\/wp\/v2\/media\/60308"}],"wp:attachment":[{"href":"https:\/\/www.actualidadadiario.com\/index.php\/wp-json\/wp\/v2\/media?parent=60307"}],"wp:term":[{"taxonomy":"category","embeddable":true,"href":"https:\/\/www.actualidadadiario.com\/index.php\/wp-json\/wp\/v2\/categories?post=60307"},{"taxonomy":"post_tag","embeddable":true,"href":"https:\/\/www.actualidadadiario.com\/index.php\/wp-json\/wp\/v2\/tags?post=60307"}],"curies":[{"name":"wp","href":"https:\/\/api.w.org\/{rel}","templated":true}]}}