{"id":60304,"date":"2020-04-15T13:14:18","date_gmt":"2020-04-15T16:14:18","guid":{"rendered":"https:\/\/www.actualidadadiario.com\/?p=60304"},"modified":"2020-04-15T13:14:18","modified_gmt":"2020-04-15T16:14:18","slug":"gines-todos-tenemos-que-ir-pensando-en-como-salimos","status":"publish","type":"post","link":"https:\/\/www.actualidadadiario.com\/index.php\/2020\/04\/15\/gines-todos-tenemos-que-ir-pensando-en-como-salimos\/","title":{"rendered":"Gin\u00e9s: \u201cTodos tenemos que ir pensando en c\u00f3mo salimos\u201d"},"content":{"rendered":"<p style=\"text-align: center;\"><em><strong>El ministro de Salud mantuvo una teleconferencia con sus pares provinciales. Resalt\u00f3 las medidas tomadas, record\u00f3 que a\u00fan falta afrontar el pico de la enfermedad y convoc\u00f3 a pensar estrategias para dejar atr\u00e1s la cuarentena de manera paulatina<\/strong><\/em><\/p>\n<p>&nbsp;<\/p>\n<p>&nbsp;<\/p>\n<p>El ministro de Salud de la Naci\u00f3n, Gin\u00e9s Gonz\u00e1lez Garc\u00eda expres\u00f3 ayer, durante una videoconferencia con sus pares provinciales, que se han tomado las medidas &#8220;anticipadas y correctas&#8221; ante la pandemia de coronavirus Covid-19 y se ha reforzado &#8220;la capacidad productiva del pa\u00eds para tener recursos de forma masiva&#8221; para ser distribuidos entre todos los distritos.<\/p>\n<p>\u201cTodos tenemos que ir pensando en c\u00f3mo salimos, teniendo la menor consecuencia posible y que sobre todo mantengamos el esp\u00edritu positivo. Venimos tomando las medidas anticipadas y correctas\u201d, dijo el ministro sin dejar de recordar que a\u00fan se espera el pico de la enfermedad.<\/p>\n<p>Durante el intercambio, se repasaron los avances en los Planes Operativos Provinciales y la implementaci\u00f3n del Sistema de Monitoreo de camas, la puesta en marcha de Telecovid, el programa de Voluntariado Universitario, las capacitaciones que se brindan a equipos de salud y la administraci\u00f3n del aislamiento social y preventivo en el pa\u00eds.<\/p>\n<p>Al inicio de la reuni\u00f3n, Gonz\u00e1lez Garc\u00eda repas\u00f3 los trabajos llevados adelante para reforzar el sistema sanitario nacional. \u201cHemos reforzado la capacidad productiva del pa\u00eds y es un desarrollo para tener recursos de forma masiva para ser distribuida entre todas las provincias\u201d. En relaci\u00f3n al equipamiento, el ministro agreg\u00f3: \u201cen las pr\u00f3ximas semanas vamos a intensificar la distribuci\u00f3n de los recursos tales como respiradores, reactivos y elementos de protecci\u00f3n personal a las provincias para dar respuesta ante la pandemia y as\u00ed poder cuidar a todos los argentinos\u201d.<\/p>\n<p>Luego, el secretario de Equidad en Salud, Mart\u00edn Sabignoso hizo un recuento sobre los trabajos que viene realizando su secretar\u00eda junto a cada una de las provincias, donde se comenz\u00f3 a desarrollar los planes operativos provinciales, el sistema de monitoreo de recursos cr\u00edticos y ayer se puso en marcha Telecovid.<\/p>\n<p>Telecovid es un sistema de comunicaci\u00f3n a distancia por el que personal sanitario dar\u00e1 asistencia, seguimiento y monitoreo, a la vez que evacuar\u00e1 consultas relacionadas con el coronavirus a las personas que lo requieran desde sus domicilios.<\/p>\n<p>Por su parte, la secretaria de Acceso a la Salud, Carla Vizzotti, expuso ante los ministros provinciales sobre la administraci\u00f3n del aislamiento social, preventivo y obligatorio, y coment\u00f3 que posee dos ejes, uno el geogr\u00e1fico y otro la actividad. \u201cTenemos el desaf\u00edo en conjunto de analizar la situaci\u00f3n epidemiol\u00f3gica, no s\u00f3lo de cada provincia sino de cada municipio y cruzarla con la actividad esencial, y c\u00f3mo la har\u00edamos. La propuesta de ese trabajo es a partir de las propuestas provinciales con un protocolo, un fundamento y una estrategia de monitoreo para que en conjunto podamos analizarlas y veamos la mejor manera de ir implement\u00e1ndolas con el menor riesgo&#8221;, dijo Vizzotti.<\/p>\n","protected":false},"excerpt":{"rendered":"<p>El ministro de Salud mantuvo una teleconferencia con sus pares provinciales. Resalt\u00f3 las medidas tomadas, record\u00f3 que a\u00fan falta afrontar el pico de la enfermedad y convoc\u00f3 a pensar estrategias para dejar atr\u00e1s la cuarentena de manera paulatina &nbsp; &nbsp; El ministro de Salud de la Naci\u00f3n, Gin\u00e9s Gonz\u00e1lez Garc\u00eda expres\u00f3 ayer, durante una videoconferencia con sus pares provinciales, que se han tomado las medidas &#8220;anticipadas y correctas&#8221; ante la pandemia de coronavirus Covid-19 y se ha reforzado &#8220;la capacidad productiva del pa\u00eds para tener recursos de forma masiva&#8221; para&#8230;<\/p>\n","protected":false},"author":3,"featured_media":60305,"comment_status":"closed","ping_status":"closed","sticky":false,"template":"","format":"standard","meta":[],"categories":[18],"tags":[],"_links":{"self":[{"href":"https:\/\/www.actualidadadiario.com\/index.php\/wp-json\/wp\/v2\/posts\/60304"}],"collection":[{"href":"https:\/\/www.actualidadadiario.com\/index.php\/wp-json\/wp\/v2\/posts"}],"about":[{"href":"https:\/\/www.actualidadadiario.com\/index.php\/wp-json\/wp\/v2\/types\/post"}],"author":[{"embeddable":true,"href":"https:\/\/www.actualidadadiario.com\/index.php\/wp-json\/wp\/v2\/users\/3"}],"replies":[{"embeddable":true,"href":"https:\/\/www.actualidadadiario.com\/index.php\/wp-json\/wp\/v2\/comments?post=60304"}],"version-history":[{"count":1,"href":"https:\/\/www.actualidadadiario.com\/index.php\/wp-json\/wp\/v2\/posts\/60304\/revisions"}],"predecessor-version":[{"id":60306,"href":"https:\/\/www.actualidadadiario.com\/index.php\/wp-json\/wp\/v2\/posts\/60304\/revisions\/60306"}],"wp:featuredmedia":[{"embeddable":true,"href":"https:\/\/www.actualidadadiario.com\/index.php\/wp-json\/wp\/v2\/media\/60305"}],"wp:attachment":[{"href":"https:\/\/www.actualidadadiario.com\/index.php\/wp-json\/wp\/v2\/media?parent=60304"}],"wp:term":[{"taxonomy":"category","embeddable":true,"href":"https:\/\/www.actualidadadiario.com\/index.php\/wp-json\/wp\/v2\/categories?post=60304"},{"taxonomy":"post_tag","embeddable":true,"href":"https:\/\/www.actualidadadiario.com\/index.php\/wp-json\/wp\/v2\/tags?post=60304"}],"curies":[{"name":"wp","href":"https:\/\/api.w.org\/{rel}","templated":true}]}}